{"id":18066,"date":"2024-08-30T17:52:02","date_gmt":"2024-08-30T16:52:02","guid":{"rendered":"https:\/\/targetmalaria.org\/virtual-press-room\/press-releases\/le-professeur-abdoulaye-diabate-a-ted-2024\/"},"modified":"2025-02-04T15:28:49","modified_gmt":"2025-02-04T15:28:49","slug":"le-professeur-abdoulaye-diabate-a-ted-2024","status":"publish","type":"press-release","link":"https:\/\/targetmalaria.org\/fr\/espace-presse-virtuel\/communiques-de-presse\/le-professeur-abdoulaye-diabate-a-ted-2024\/","title":{"rendered":"Le Professeur Abdoulaye Diabat\u00e9 \u00e0 TED 2024"},"content":{"rendered":"\n<p><strong>OUAGADOUGOU, Burkina Faso, le 21 Ao\u00fbt 2024<\/strong> \/African Media Agency (AMA)\/- <a href=\"https:\/\/conferences.ted.com\/ted2024\">TED2024<\/a>, un \u00e9v\u00e9nement marquant c\u00e9l\u00e9brant 40 ans d&rsquo;innovation, d&rsquo;ing\u00e9niosit\u00e9, de cr\u00e9ativit\u00e9, de courage et de g\u00e9n\u00e9rosit\u00e9, s&rsquo;est tenu \u00e0 Vancouver, au Canada, en avril, et a mis en vedette l&rsquo;\u00e9minent champion africain de la lutte contre le paludisme, le <a href=\"https:\/\/targetmalaria.org\/fr\/espace-presse-virtuel\/porte-paroles\/professeur-abdoulaye-diabate\/\">Prof. Abdoulaye Diabat\u00e9<\/a>, en tant que conf\u00e9rencier.<\/p>\n\n\n\n<p>Initialement un \u00e9v\u00e9nement ferm\u00e9, la conf\u00e9rence TED du Prof. Diabat\u00e9, intitul\u00e9e <a href=\"http:\/\/go.ted.com\/abdoulayediabate\">\u00ab\u00a0Comment \u00e9liminer le paludisme\u00a0\u00bb<\/a>, a \u00e9t\u00e9 mise en ligne sur <a href=\"http:\/\/go.ted.com\/abdoulayediabate\">TED.com<\/a> le mardi 20 ao\u00fbt \u00e0 11h ET (15h GMT) \u00e0 l&rsquo;occasion de la Journ\u00e9e mondiale du moustique 2024.<\/p>\n\n\n\n<figure class=\"wp-block-image aligncenter size-full\"><img loading=\"lazy\" decoding=\"async\" width=\"602\" height=\"401\" src=\"https:\/\/targetmalaria.org\/wp-content\/uploads\/2024\/08\/TED-stage-Abdoulaye-Diabate-Target-Malaria.png\" alt=\"\" class=\"wp-image-18057\" srcset=\"https:\/\/targetmalaria.org\/wp-content\/uploads\/2024\/08\/TED-stage-Abdoulaye-Diabate-Target-Malaria.png 602w, https:\/\/targetmalaria.org\/wp-content\/uploads\/2024\/08\/TED-stage-Abdoulaye-Diabate-Target-Malaria-425x283.png 425w, https:\/\/targetmalaria.org\/wp-content\/uploads\/2024\/08\/TED-stage-Abdoulaye-Diabate-Target-Malaria-300x200.png 300w\" sizes=\"auto, (max-width: 602px) 100vw, 602px\" \/><\/figure>\n\n\n\n<p class=\"has-text-align-center\"><em>Cr\u00e9dit photo : Jasmina Tomic \/ TED<\/em><\/p>\n\n\n\n<p>Originaire du Burkina Faso, le Prof. Diabat\u00e9 est chef de l&rsquo;Entomologie M\u00e9dicale et de la Parasitologie \u00e0 l&rsquo;Institut de Recherche en Sciences de la Sant\u00e9 (IRSS) \u00e0 Bobo-Dioulasso. Son travail de recherche reconnu en tant que chercheur principal de Target Malaria Burkina Faso lui a valu une reconnaissance mondiale, notamment des invitations prestigieuses \u00e0 l&rsquo;Universit\u00e9 de Harvard, des interviews par des m\u00e9dias internationaux et nationaux de renom, dont des cha\u00eenes de t\u00e9l\u00e9vision nationales au Burkina Faso ; CNN, BBC, CBC, The New York Times, Le Monde, Financial Times, CNBC ; ainsi que sa participation \u00e0 plusieurs documentaires diffus\u00e9s sur <a href=\"https:\/\/www.netflix.com\/fr-en\/title\/80208910\">Netflix<\/a>.<\/p>\n\n\n\n<p>Le paludisme, un fl\u00e9au implacable qui co\u00fbte la vie \u00e0 un enfant chaque minute, fait des ravages, avec plus de 600 000 d\u00e9c\u00e8s et 200 millions de cas par an, touchant principalement les communaut\u00e9s africaines, en particulier les enfants et les femmes enceintes.<\/p>\n\n\n\n<p>Dans sa conf\u00e9rence TED2024, le Prof. Diabat\u00e9 vise \u00e0 catalyser un changement transformateur dans la sant\u00e9 mondiale en mettant en lumi\u00e8re l&rsquo;approche innovante de Target Malaria utilisant la technologie de l\u2019impulsion g\u00e9n\u00e9tique et en soulignant la collaboration et la centralit\u00e9 des voix africaines dans la lutte contre le paludisme.<\/p>\n\n\n\n<p>Plus tard cette ann\u00e9e, le Prof. Diabat\u00e9 appara\u00eetra \u00e9galement sur Netflix dans \u00ab\u00a0<a href=\"https:\/\/www.netflix.com\/us\/title\/81609333?s=i&amp;trkid=258593161&amp;vlang=en\">In What&rsquo;s Next ? The Future with Bill Gates<\/a>\u00ab\u00a0, une s\u00e9rie qui explore l&rsquo;impact de l&rsquo;IA, la propagation de la d\u00e9sinformation, les in\u00e9galit\u00e9s de revenus et les progr\u00e8s dans l&rsquo;\u00e9radication des maladies..<\/p>\n\n\n\n<p>\r\nConsid\u00e9rant l&rsquo;attention mondiale que re\u00e7oit son travail, \u00ab\u00a0Je suis humble et tout autant stimul\u00e9 pour poursuivre ma mission d&rsquo;\u00e9liminer le paludisme en Afrique. C&rsquo;est un t\u00e9moignage de l&rsquo;importance de nos efforts collectifs pour utiliser l&rsquo;ing\u00e9niosit\u00e9 humaine non seulement pour lutter contre le paludisme, mais aussi pour am\u00e9liorer la sant\u00e9 mondiale et former les prochaines g\u00e9n\u00e9rations de scientifiques africains\u00a0\u00bb, a d\u00e9clar\u00e9 le Prof. Diabat\u00e9\r\n<\/p>\n\n\n\n<p>Pour voir son intervention \u00e0 TED 2024, cliquez ici : <a href=\"http:\/\/go.ted.com\/abdoulayediabate\">go.ted.com\/abdoulayediabate<\/a>.<\/p>\n","protected":false},"featured_media":18063,"template":"","meta":{"_acf_changed":false,"_relevanssi_hide_post":"","_relevanssi_hide_content":"","_relevanssi_pin_for_all":"","_relevanssi_pin_keywords":"","_relevanssi_unpin_keywords":"","_relevanssi_related_keywords":"","_relevanssi_related_include_ids":"","_relevanssi_related_exclude_ids":"","_relevanssi_related_no_append":"","_relevanssi_related_not_related":"","_relevanssi_related_posts":"","_relevanssi_noindex_reason":"","featured_image_focal_point":[]},"profile_tax":[651],"class_list":["post-18066","press-release","type-press-release","status-publish","has-post-thumbnail","hentry","country-burkina-faso"],"acf":[],"yoast_head":"<!-- This site is optimized with the Yoast SEO plugin v27.5 - https:\/\/yoast.com\/product\/yoast-seo-wordpress\/ -->\n<title>Le Professeur Abdoulaye Diabat\u00e9 \u00e0 TED 2024 - Target Malaria<\/title>\n<meta name=\"robots\" content=\"index, follow, max-snippet:-1, max-image-preview:large, max-video-preview:-1\" \/>\n<link rel=\"canonical\" href=\"https:\/\/targetmalaria.org\/fr\/espace-presse-virtuel\/communiques-de-presse\/le-professeur-abdoulaye-diabate-a-ted-2024\/\" \/>\n<meta property=\"og:locale\" content=\"fr_FR\" \/>\n<meta property=\"og:type\" content=\"article\" \/>\n<meta property=\"og:title\" content=\"Le Professeur Abdoulaye Diabat\u00e9 \u00e0 TED 2024 - Target Malaria\" \/>\n<meta property=\"og:description\" content=\"OUAGADOUGOU, Burkina Faso, le 21 Ao\u00fbt 2024 \/African Media Agency (AMA)\/- TED2024, un \u00e9v\u00e9nement marquant c\u00e9l\u00e9brant 40 ans d&rsquo;innovation, d&rsquo;ing\u00e9niosit\u00e9, de cr\u00e9ativit\u00e9, de courage et de g\u00e9n\u00e9rosit\u00e9, s&rsquo;est tenu \u00e0 Vancouver, au Canada, en avril, et a mis en vedette l&rsquo;\u00e9minent champion africain de la lutte contre le paludisme, le Prof. Abdoulaye Diabat\u00e9, en tant [&hellip;]\" \/>\n<meta property=\"og:url\" content=\"https:\/\/targetmalaria.org\/fr\/espace-presse-virtuel\/communiques-de-presse\/le-professeur-abdoulaye-diabate-a-ted-2024\/\" \/>\n<meta property=\"og:site_name\" content=\"Target Malaria\" \/>\n<meta property=\"article:publisher\" content=\"https:\/\/www.facebook.com\/TargetMalariaGlobal\/\" \/>\n<meta property=\"article:modified_time\" content=\"2025-02-04T15:28:49+00:00\" \/>\n<meta property=\"og:image\" content=\"https:\/\/targetmalaria.org\/wp-content\/uploads\/2024\/08\/TED2024_20240417_1GT9850-medium.jpg\" \/>\n\t<meta property=\"og:image:width\" content=\"1200\" \/>\n\t<meta property=\"og:image:height\" content=\"800\" \/>\n\t<meta property=\"og:image:type\" content=\"image\/jpeg\" \/>\n<meta name=\"twitter:card\" content=\"summary_large_image\" \/>\n<meta name=\"twitter:site\" content=\"@TargetMalaria\" \/>\n<meta name=\"twitter:label1\" content=\"Dur\u00e9e de lecture estim\u00e9e\" \/>\n\t<meta name=\"twitter:data1\" content=\"3 minutes\" \/>\n<script type=\"application\/ld+json\" class=\"yoast-schema-graph\">{\"@context\":\"https:\\\/\\\/schema.org\",\"@graph\":[{\"@type\":[\"WebPage\",\"ItemPage\"],\"@id\":\"https:\\\/\\\/targetmalaria.org\\\/fr\\\/espace-presse-virtuel\\\/communiques-de-presse\\\/le-professeur-abdoulaye-diabate-a-ted-2024\\\/\",\"url\":\"https:\\\/\\\/targetmalaria.org\\\/fr\\\/espace-presse-virtuel\\\/communiques-de-presse\\\/le-professeur-abdoulaye-diabate-a-ted-2024\\\/\",\"name\":\"Le Professeur Abdoulaye Diabat\u00e9 \u00e0 TED 2024 - Target Malaria\",\"isPartOf\":{\"@id\":\"https:\\\/\\\/targetmalaria.org\\\/fr\\\/#website\"},\"primaryImageOfPage\":{\"@id\":\"https:\\\/\\\/targetmalaria.org\\\/fr\\\/espace-presse-virtuel\\\/communiques-de-presse\\\/le-professeur-abdoulaye-diabate-a-ted-2024\\\/#primaryimage\"},\"image\":{\"@id\":\"https:\\\/\\\/targetmalaria.org\\\/fr\\\/espace-presse-virtuel\\\/communiques-de-presse\\\/le-professeur-abdoulaye-diabate-a-ted-2024\\\/#primaryimage\"},\"thumbnailUrl\":\"https:\\\/\\\/targetmalaria.org\\\/wp-content\\\/uploads\\\/2024\\\/08\\\/TED2024_20240417_1GT9850-medium.jpg\",\"datePublished\":\"2024-08-30T16:52:02+00:00\",\"dateModified\":\"2025-02-04T15:28:49+00:00\",\"breadcrumb\":{\"@id\":\"https:\\\/\\\/targetmalaria.org\\\/fr\\\/espace-presse-virtuel\\\/communiques-de-presse\\\/le-professeur-abdoulaye-diabate-a-ted-2024\\\/#breadcrumb\"},\"inLanguage\":\"fr-FR\",\"potentialAction\":[{\"@type\":\"ReadAction\",\"target\":[\"https:\\\/\\\/targetmalaria.org\\\/fr\\\/espace-presse-virtuel\\\/communiques-de-presse\\\/le-professeur-abdoulaye-diabate-a-ted-2024\\\/\"]}]},{\"@type\":\"ImageObject\",\"inLanguage\":\"fr-FR\",\"@id\":\"https:\\\/\\\/targetmalaria.org\\\/fr\\\/espace-presse-virtuel\\\/communiques-de-presse\\\/le-professeur-abdoulaye-diabate-a-ted-2024\\\/#primaryimage\",\"url\":\"https:\\\/\\\/targetmalaria.org\\\/wp-content\\\/uploads\\\/2024\\\/08\\\/TED2024_20240417_1GT9850-medium.jpg\",\"contentUrl\":\"https:\\\/\\\/targetmalaria.org\\\/wp-content\\\/uploads\\\/2024\\\/08\\\/TED2024_20240417_1GT9850-medium.jpg\",\"width\":\"1200\",\"height\":\"800\",\"caption\":\"Diabat\u00e9 Abdoulaye speaks at SESSION 7 at TED2024: The Brave and the Brilliant, on Wednesday, April 17, 2024. Vancouver, BC, Canada. Photo: Gilberto Tadday \\\/ TED\"},{\"@type\":\"BreadcrumbList\",\"@id\":\"https:\\\/\\\/targetmalaria.org\\\/fr\\\/espace-presse-virtuel\\\/communiques-de-presse\\\/le-professeur-abdoulaye-diabate-a-ted-2024\\\/#breadcrumb\",\"itemListElement\":[{\"@type\":\"ListItem\",\"position\":1,\"name\":\"Home\",\"item\":\"https:\\\/\\\/targetmalaria.org\\\/fr\\\/\"},{\"@type\":\"ListItem\",\"position\":2,\"name\":\"Le Professeur Abdoulaye Diabat\u00e9 \u00e0 TED 2024\"}]},{\"@type\":\"WebSite\",\"@id\":\"https:\\\/\\\/targetmalaria.org\\\/fr\\\/#website\",\"url\":\"https:\\\/\\\/targetmalaria.org\\\/fr\\\/\",\"name\":\"Target Malaria\",\"description\":\"\",\"publisher\":{\"@id\":\"https:\\\/\\\/targetmalaria.org\\\/fr\\\/#organization\"},\"potentialAction\":[{\"@type\":\"SearchAction\",\"target\":{\"@type\":\"EntryPoint\",\"urlTemplate\":\"https:\\\/\\\/targetmalaria.org\\\/fr\\\/?s={search_term_string}\"},\"query-input\":{\"@type\":\"PropertyValueSpecification\",\"valueRequired\":true,\"valueName\":\"search_term_string\"}}],\"inLanguage\":\"fr-FR\"},{\"@type\":\"Organization\",\"@id\":\"https:\\\/\\\/targetmalaria.org\\\/fr\\\/#organization\",\"name\":\"Target Malaria\",\"url\":\"https:\\\/\\\/targetmalaria.org\\\/fr\\\/\",\"logo\":{\"@type\":\"ImageObject\",\"inLanguage\":\"fr-FR\",\"@id\":\"https:\\\/\\\/targetmalaria.org\\\/fr\\\/#\\\/schema\\\/logo\\\/image\\\/\",\"url\":\"https:\\\/\\\/targetmalaria.org\\\/wp-content\\\/uploads\\\/2025\\\/08\\\/target_malaria_bf_logo.png\",\"contentUrl\":\"https:\\\/\\\/targetmalaria.org\\\/wp-content\\\/uploads\\\/2025\\\/08\\\/target_malaria_bf_logo.png\",\"width\":1920,\"height\":1080,\"caption\":\"Target Malaria\"},\"image\":{\"@id\":\"https:\\\/\\\/targetmalaria.org\\\/fr\\\/#\\\/schema\\\/logo\\\/image\\\/\"},\"sameAs\":[\"https:\\\/\\\/www.facebook.com\\\/TargetMalariaGlobal\\\/\",\"https:\\\/\\\/x.com\\\/TargetMalaria\",\"https:\\\/\\\/www.linkedin.com\\\/company\\\/target-malaria\",\"https:\\\/\\\/youtube.com\\\/@TargetMalaria\"]}]}<\/script>\n<!-- \/ Yoast SEO plugin. -->","yoast_head_json":{"title":"Le Professeur Abdoulaye Diabat\u00e9 \u00e0 TED 2024 - Target Malaria","robots":{"index":"index","follow":"follow","max-snippet":"max-snippet:-1","max-image-preview":"max-image-preview:large","max-video-preview":"max-video-preview:-1"},"canonical":"https:\/\/targetmalaria.org\/fr\/espace-presse-virtuel\/communiques-de-presse\/le-professeur-abdoulaye-diabate-a-ted-2024\/","og_locale":"fr_FR","og_type":"article","og_title":"Le Professeur Abdoulaye Diabat\u00e9 \u00e0 TED 2024 - Target Malaria","og_description":"OUAGADOUGOU, Burkina Faso, le 21 Ao\u00fbt 2024 \/African Media Agency (AMA)\/- TED2024, un \u00e9v\u00e9nement marquant c\u00e9l\u00e9brant 40 ans d&rsquo;innovation, d&rsquo;ing\u00e9niosit\u00e9, de cr\u00e9ativit\u00e9, de courage et de g\u00e9n\u00e9rosit\u00e9, s&rsquo;est tenu \u00e0 Vancouver, au Canada, en avril, et a mis en vedette l&rsquo;\u00e9minent champion africain de la lutte contre le paludisme, le Prof. Abdoulaye Diabat\u00e9, en tant [&hellip;]","og_url":"https:\/\/targetmalaria.org\/fr\/espace-presse-virtuel\/communiques-de-presse\/le-professeur-abdoulaye-diabate-a-ted-2024\/","og_site_name":"Target Malaria","article_publisher":"https:\/\/www.facebook.com\/TargetMalariaGlobal\/","article_modified_time":"2025-02-04T15:28:49+00:00","og_image":[{"width":1200,"height":800,"url":"https:\/\/targetmalaria.org\/wp-content\/uploads\/2024\/08\/TED2024_20240417_1GT9850-medium.jpg","type":"image\/jpeg"}],"twitter_card":"summary_large_image","twitter_site":"@TargetMalaria","twitter_misc":{"Dur\u00e9e de lecture estim\u00e9e":"3 minutes"},"schema":{"@context":"https:\/\/schema.org","@graph":[{"@type":["WebPage","ItemPage"],"@id":"https:\/\/targetmalaria.org\/fr\/espace-presse-virtuel\/communiques-de-presse\/le-professeur-abdoulaye-diabate-a-ted-2024\/","url":"https:\/\/targetmalaria.org\/fr\/espace-presse-virtuel\/communiques-de-presse\/le-professeur-abdoulaye-diabate-a-ted-2024\/","name":"Le Professeur Abdoulaye Diabat\u00e9 \u00e0 TED 2024 - Target Malaria","isPartOf":{"@id":"https:\/\/targetmalaria.org\/fr\/#website"},"primaryImageOfPage":{"@id":"https:\/\/targetmalaria.org\/fr\/espace-presse-virtuel\/communiques-de-presse\/le-professeur-abdoulaye-diabate-a-ted-2024\/#primaryimage"},"image":{"@id":"https:\/\/targetmalaria.org\/fr\/espace-presse-virtuel\/communiques-de-presse\/le-professeur-abdoulaye-diabate-a-ted-2024\/#primaryimage"},"thumbnailUrl":"https:\/\/targetmalaria.org\/wp-content\/uploads\/2024\/08\/TED2024_20240417_1GT9850-medium.jpg","datePublished":"2024-08-30T16:52:02+00:00","dateModified":"2025-02-04T15:28:49+00:00","breadcrumb":{"@id":"https:\/\/targetmalaria.org\/fr\/espace-presse-virtuel\/communiques-de-presse\/le-professeur-abdoulaye-diabate-a-ted-2024\/#breadcrumb"},"inLanguage":"fr-FR","potentialAction":[{"@type":"ReadAction","target":["https:\/\/targetmalaria.org\/fr\/espace-presse-virtuel\/communiques-de-presse\/le-professeur-abdoulaye-diabate-a-ted-2024\/"]}]},{"@type":"ImageObject","inLanguage":"fr-FR","@id":"https:\/\/targetmalaria.org\/fr\/espace-presse-virtuel\/communiques-de-presse\/le-professeur-abdoulaye-diabate-a-ted-2024\/#primaryimage","url":"https:\/\/targetmalaria.org\/wp-content\/uploads\/2024\/08\/TED2024_20240417_1GT9850-medium.jpg","contentUrl":"https:\/\/targetmalaria.org\/wp-content\/uploads\/2024\/08\/TED2024_20240417_1GT9850-medium.jpg","width":"1200","height":"800","caption":"Diabat\u00e9 Abdoulaye speaks at SESSION 7 at TED2024: The Brave and the Brilliant, on Wednesday, April 17, 2024. Vancouver, BC, Canada. Photo: Gilberto Tadday \/ TED"},{"@type":"BreadcrumbList","@id":"https:\/\/targetmalaria.org\/fr\/espace-presse-virtuel\/communiques-de-presse\/le-professeur-abdoulaye-diabate-a-ted-2024\/#breadcrumb","itemListElement":[{"@type":"ListItem","position":1,"name":"Home","item":"https:\/\/targetmalaria.org\/fr\/"},{"@type":"ListItem","position":2,"name":"Le Professeur Abdoulaye Diabat\u00e9 \u00e0 TED 2024"}]},{"@type":"WebSite","@id":"https:\/\/targetmalaria.org\/fr\/#website","url":"https:\/\/targetmalaria.org\/fr\/","name":"Target Malaria","description":"","publisher":{"@id":"https:\/\/targetmalaria.org\/fr\/#organization"},"potentialAction":[{"@type":"SearchAction","target":{"@type":"EntryPoint","urlTemplate":"https:\/\/targetmalaria.org\/fr\/?s={search_term_string}"},"query-input":{"@type":"PropertyValueSpecification","valueRequired":true,"valueName":"search_term_string"}}],"inLanguage":"fr-FR"},{"@type":"Organization","@id":"https:\/\/targetmalaria.org\/fr\/#organization","name":"Target Malaria","url":"https:\/\/targetmalaria.org\/fr\/","logo":{"@type":"ImageObject","inLanguage":"fr-FR","@id":"https:\/\/targetmalaria.org\/fr\/#\/schema\/logo\/image\/","url":"https:\/\/targetmalaria.org\/wp-content\/uploads\/2025\/08\/target_malaria_bf_logo.png","contentUrl":"https:\/\/targetmalaria.org\/wp-content\/uploads\/2025\/08\/target_malaria_bf_logo.png","width":1920,"height":1080,"caption":"Target Malaria"},"image":{"@id":"https:\/\/targetmalaria.org\/fr\/#\/schema\/logo\/image\/"},"sameAs":["https:\/\/www.facebook.com\/TargetMalariaGlobal\/","https:\/\/x.com\/TargetMalaria","https:\/\/www.linkedin.com\/company\/target-malaria","https:\/\/youtube.com\/@TargetMalaria"]}]}},"_links":{"self":[{"href":"https:\/\/targetmalaria.org\/fr\/wp-json\/wp\/v2\/press-release\/18066","targetHints":{"allow":["GET"]}}],"collection":[{"href":"https:\/\/targetmalaria.org\/fr\/wp-json\/wp\/v2\/press-release"}],"about":[{"href":"https:\/\/targetmalaria.org\/fr\/wp-json\/wp\/v2\/types\/press-release"}],"wp:featuredmedia":[{"embeddable":true,"href":"https:\/\/targetmalaria.org\/fr\/wp-json\/wp\/v2\/media\/18063"}],"wp:attachment":[{"href":"https:\/\/targetmalaria.org\/fr\/wp-json\/wp\/v2\/media?parent=18066"}],"wp:term":[{"taxonomy":"profile_tax","embeddable":true,"href":"https:\/\/targetmalaria.org\/fr\/wp-json\/wp\/v2\/profile_tax?post=18066"}],"curies":[{"name":"wp","href":"https:\/\/api.w.org\/{rel}","templated":true}]}}