{"id":7088,"date":"2021-12-06T13:50:00","date_gmt":"2021-12-06T13:50:00","guid":{"rendered":"https:\/\/targetmalaria.org\/?p=7088"},"modified":"2023-08-15T14:55:50","modified_gmt":"2023-08-15T13:55:50","slug":"rapport-mondial-sur-le-paludisme-2021-une-image-plus-exacte-du-fardeau-du-paludisme-en-afrique","status":"publish","type":"post","link":"https:\/\/targetmalaria.org\/fr\/latest\/actus\/rapport-mondial-sur-le-paludisme-2021-une-image-plus-exacte-du-fardeau-du-paludisme-en-afrique\/","title":{"rendered":"Rapport mondial sur le paludisme\u00a02021 \u2013 Une image plus exacte du fardeau du paludisme en Afrique"},"content":{"rendered":"\n<p>Aujourd\u2019hui, l\u2019Organisation mondiale de la Sant\u00e9 (OMS) a publi\u00e9 son <a href=\"https:\/\/www.who.int\/teams\/global-malaria-programme\/reports\/world-malaria-report-2021\">rapport mondial sur le paludisme<\/a>. Le rapport porte un regard diff\u00e9rent sur le fardeau du paludisme, en utilisant une m\u00e9thodologie mise \u00e0 jour pour calculer le nombre de d\u00e9c\u00e8s dus au paludisme chez les enfants de moins de cinq ans. Cette nouvelle m\u00e9thode statistique fournit des estimations beaucoup plus pr\u00e9cises des causes de d\u00e9c\u00e8s des jeunes enfants pour toutes les maladies, y compris le paludisme, et elle est maintenant appliqu\u00e9e dans l\u2019ensemble de l\u2019OMS.<\/p>\n\n\n\n<p>Les conclusions du rapport mondial sur le paludisme 2021 font \u00e9tat d\u2019une dure r\u00e9alit\u00e9, r\u00e9v\u00e9lant que le paludisme entra\u00eene plus de d\u00e9c\u00e8s totaux qu\u2019on ne le pensait auparavant : 627 000 en 2020, soit une augmentation significative par rapport aux 409 000 d\u00e9c\u00e8s recens\u00e9s en 2019. Cette augmentation est due en partie au nombre r\u00e9vis\u00e9 de d\u00e9c\u00e8s dus au paludisme chez les enfants \u00e2g\u00e9s de moins de cinq ans, le paludisme repr\u00e9sentant maintenant 7,8 % des d\u00e9c\u00e8s, une augmentation par rapport au taux de 4,8 % pr\u00e9c\u00e9demment enregistr\u00e9. Les chiffres plus \u00e9lev\u00e9s refl\u00e8tent \u00e9galement des probl\u00e8mes plus larges de lutte contre le paludisme, car les progr\u00e8s ont stagn\u00e9 ces derni\u00e8res ann\u00e9es et la pand\u00e9mie de COVID-19 a engendr\u00e9 des perturbations consid\u00e9rables.<\/p>\n\n\n\n<div class=\"wp-block-columns is-layout-flex wp-container-core-columns-is-layout-28f84493 wp-block-columns-is-layout-flex\">\n<div class=\"wp-block-column is-layout-flow wp-block-column-is-layout-flow\" style=\"flex-basis:70%\">\n<p>Le nouveau rapport souligne \u00e9galement que l\u2019Afrique porte un fardeau de paludisme encore plus lourd qu\u2019auparavant : l\u2019ann\u00e9e derni\u00e8re, 96 % des d\u00e9c\u00e8s mondiaux dus \u00e0 la maladie sont survenus dans la r\u00e9gion africaine.<\/p>\n\n\n\n<p>La m\u00e9thodologie mise \u00e0 jour est d\u00e9crite dans un article publi\u00e9 dans <a href=\"https:\/\/www.thelancet.com\/journals\/lanchi\/article\/PIIS2352-4642(21)00311-4\/fulltext\">The Lancet<\/a>. Elle montre qu\u2019il est essentiel de bien comprendre les causes de la mortalit\u00e9 chez les enfants de moins de 5 ans afin d\u2019identifier des objectifs et des interventions appropri\u00e9s pour lutter contre la mortalit\u00e9 chez les jeunes enfants. De nombreux pays ne disposent pas de syst\u00e8mes d\u2019enregistrement de l\u2019\u00e9tat civil permettant de signaler directement les causes sous-jacentes de d\u00e9c\u00e8s. La nouvelle m\u00e9thodologie permet de surmonter ce probl\u00e8me en utilisant des donn\u00e9es de saisie primaires plus diversifi\u00e9es (telles que les autopsies verbales) pour g\u00e9n\u00e9rer des estimations plus fiables.<\/p>\n<\/div>\n\n\n\n<div class=\"wp-block-column is-layout-flow wp-block-column-is-layout-flow\" style=\"flex-basis:30%\">\n<figure class=\"wp-block-image size-large\"><a href=\"https:\/\/cdn.who.int\/media\/docs\/default-source\/malaria\/world-malaria-reports\/978924004049-eng.pdf?sfvrsn=8f4af712_5&amp;download=true\"><img decoding=\"async\" src=\"https:\/\/targetmalaria.org\/wp-content\/uploads\/2021\/12\/WMR-736x1024.jpg\" alt=\"\" class=\"wp-image-6623\"\/><\/a><\/figure>\n<\/div>\n<\/div>\n\n\n\n<p>La disponibilit\u00e9 de donn\u00e9es exactes joue un r\u00f4le essentiel dans l\u2019\u00e9valuation de l\u2019impact du paludisme, la planification des interventions et le placement du paludisme \u00e0 l\u2019avant-plan du programme de sant\u00e9 mondial. La collecte de donn\u00e9es et la production de pr\u00e9visions posent de r\u00e9els d\u00e9fis, aggrav\u00e9s par les lacunes existantes en mati\u00e8re de donn\u00e9es : par exemple, <a href=\"https:\/\/www.bbc.co.uk\/news\/world-africa-55674139\">seuls huit pays africains sur 54 disposent d\u2019un syst\u00e8me obligatoire d\u2019enregistrement des d\u00e9c\u00e8s<\/a>. \u00c0 la lumi\u00e8re de ce qui pr\u00e9c\u00e8de, il est imp\u00e9ratif que les m\u00e9thodologies que nous utilisons dans la recherche soient aussi proches que possible d\u2019une image exacte du fardeau du paludisme.<\/p>\n\n\n\n<p>\u00c0 l\u2019avenir, la m\u00e9thodologie mise \u00e0 jour permettra de brosser un tableau plus fiable du fardeau du paludisme en Afrique. Il est essentiel de disposer de bonnes donn\u00e9es sur lesquelles fonder les d\u00e9cisions pour indiquer les endroits o\u00f9 davantage d\u2019investissements et de recherche sont n\u00e9cessaires pour r\u00e9duire les d\u00e9c\u00e8s \u00e9vitables et am\u00e9liorer les r\u00e9sultats en mati\u00e8re de sant\u00e9. Notre travail \u00e0 l\u2019Imperial College de Londres consiste \u00e0 \u00e9tudier comment les budgets limit\u00e9s accord\u00e9s au paludisme peuvent \u00eatre utilis\u00e9s au mieux pour r\u00e9duire le fardeau de la maladie. Beaucoup de choses peuvent \u00eatre r\u00e9alis\u00e9es avec les outils existants, m\u00eame si de nouvelles technologies et innovations sont n\u00e9cessaires de toute urgence.<\/p>\n\n\n\n<div class=\"wp-block-image\"><figure class=\"aligncenter size-large is-resized\"><img loading=\"lazy\" decoding=\"async\" src=\"https:\/\/targetmalaria.org\/wp-content\/uploads\/2021\/12\/190625_DG_ICL_TM__SAF-234-1024x683.jpg\" alt=\"\" class=\"wp-image-6605\" width=\"700\" height=\"466\" srcset=\"https:\/\/targetmalaria.org\/wp-content\/uploads\/2021\/12\/190625_DG_ICL_TM__SAF-234-1024x683.jpg 1024w, https:\/\/targetmalaria.org\/wp-content\/uploads\/2021\/12\/190625_DG_ICL_TM__SAF-234-300x200.jpg 300w, https:\/\/targetmalaria.org\/wp-content\/uploads\/2021\/12\/190625_DG_ICL_TM__SAF-234-768x512.jpg 768w, https:\/\/targetmalaria.org\/wp-content\/uploads\/2021\/12\/190625_DG_ICL_TM__SAF-234-1536x1024.jpg 1536w, https:\/\/targetmalaria.org\/wp-content\/uploads\/2021\/12\/190625_DG_ICL_TM__SAF-234-2048x1365.jpg 2048w\" sizes=\"auto, (max-width: 700px) 100vw, 700px\" \/><figcaption><sub>Researchers at the Crisanti Lab, Imperial College London<\/sub><\/figcaption><\/figure><\/div>\n\n\n\n<p>Nous savons comment lutter contre le paludisme depuis plus d\u2019un si\u00e8cle. Cela montre que l\u2019on n\u00e9glige l\u2019investissement dans la sant\u00e9 des communaut\u00e9s qui souffrent de la maladie et que nous ne comprenons que maintenant \u00e0 quel point cette lacune est lourde de cons\u00e9quences. Il est essentiel que nous utilisions ces informations pour galvaniser le financement et redoubler d\u2019efforts afin de lutter contre le paludisme dans le monde entier, en sauvant des vies.<\/p>\n\n\n\n<p>Vous trouverez de plus amples informations concernant la recherche du professeur Churcher sur le paludisme ci-dessous : <a href=\"https:\/\/malariamustdie.com\/thomas-story\">https:\/\/malariamustdie.com\/thomas-story<\/a><\/p>\n","protected":false},"excerpt":{"rendered":"<p>Aujourd\u2019hui, l\u2019Organisation mondiale de la Sant\u00e9 (OMS) a publi\u00e9 son rapport mondial sur le paludisme. Le rapport porte un regard diff\u00e9rent sur le fardeau du paludisme, en utilisant une m\u00e9thodologie mise \u00e0 jour pour calculer le nombre de d\u00e9c\u00e8s dus au paludisme chez les enfants de moins de cinq ans. Cette nouvelle m\u00e9thode statistique fournit [&hellip;]<\/p>\n","protected":false},"author":32,"featured_media":6629,"comment_status":"closed","ping_status":"closed","sticky":false,"template":"","format":"standard","meta":{"_acf_changed":false,"_relevanssi_hide_post":"","_relevanssi_hide_content":"","_relevanssi_pin_for_all":"","_relevanssi_pin_keywords":"","_relevanssi_unpin_keywords":"","_relevanssi_related_keywords":"","_relevanssi_related_include_ids":"","_relevanssi_related_exclude_ids":"","_relevanssi_related_no_append":"","_relevanssi_related_not_related":"","_relevanssi_related_posts":"","_relevanssi_noindex_reason":"","featured_image_focal_point":[],"_image_focal_point":[],"footnotes":""},"categories":[88],"profile_tax":[],"class_list":["post-7088","post","type-post","status-publish","format-standard","has-post-thumbnail","hentry","category-actus","post_writers-tom-churcher","post_writers-tom-churcher-fr"],"acf":[],"yoast_head":"<!-- This site is optimized with the Yoast SEO plugin v27.4 - https:\/\/yoast.com\/product\/yoast-seo-wordpress\/ -->\n<title>Rapport mondial sur le paludisme\u00a02021 \u2013 Une image plus exacte du fardeau du paludisme en Afrique - Target Malaria<\/title>\n<meta name=\"robots\" content=\"index, follow, max-snippet:-1, max-image-preview:large, max-video-preview:-1\" \/>\n<link rel=\"canonical\" href=\"https:\/\/targetmalaria.org\/fr\/latest\/actus\/rapport-mondial-sur-le-paludisme-2021-une-image-plus-exacte-du-fardeau-du-paludisme-en-afrique\/\" \/>\n<meta property=\"og:locale\" content=\"fr_FR\" \/>\n<meta property=\"og:type\" content=\"article\" \/>\n<meta property=\"og:title\" content=\"Rapport mondial sur le paludisme\u00a02021 \u2013 Une image plus exacte du fardeau du paludisme en Afrique - Target Malaria\" \/>\n<meta property=\"og:description\" content=\"Aujourd\u2019hui, l\u2019Organisation mondiale de la Sant\u00e9 (OMS) a publi\u00e9 son rapport mondial sur le paludisme. Le rapport porte un regard diff\u00e9rent sur le fardeau du paludisme, en utilisant une m\u00e9thodologie mise \u00e0 jour pour calculer le nombre de d\u00e9c\u00e8s dus au paludisme chez les enfants de moins de cinq ans. Cette nouvelle m\u00e9thode statistique fournit [&hellip;]\" \/>\n<meta property=\"og:url\" content=\"https:\/\/targetmalaria.org\/fr\/latest\/actus\/rapport-mondial-sur-le-paludisme-2021-une-image-plus-exacte-du-fardeau-du-paludisme-en-afrique\/\" \/>\n<meta property=\"og:site_name\" content=\"Target Malaria\" \/>\n<meta property=\"article:publisher\" content=\"https:\/\/www.facebook.com\/TargetMalariaGlobal\/\" \/>\n<meta property=\"article:published_time\" content=\"2021-12-06T13:50:00+00:00\" \/>\n<meta property=\"article:modified_time\" content=\"2023-08-15T13:55:50+00:00\" \/>\n<meta property=\"og:image\" content=\"https:\/\/targetmalaria.org\/wp-content\/uploads\/2021\/12\/WMR-1.jpg\" \/>\n\t<meta property=\"og:image:width\" content=\"863\" \/>\n\t<meta property=\"og:image:height\" content=\"1200\" \/>\n\t<meta property=\"og:image:type\" content=\"image\/jpeg\" \/>\n<meta name=\"author\" content=\"Yann Pablo\" \/>\n<meta name=\"twitter:card\" content=\"summary_large_image\" \/>\n<meta name=\"twitter:creator\" content=\"@TargetMalaria\" \/>\n<meta name=\"twitter:site\" content=\"@TargetMalaria\" \/>\n<meta name=\"twitter:label1\" content=\"\u00c9crit par\" \/>\n\t<meta name=\"twitter:data1\" content=\"Yann Pablo\" \/>\n\t<meta name=\"twitter:label2\" content=\"Dur\u00e9e de lecture estim\u00e9e\" \/>\n\t<meta name=\"twitter:data2\" content=\"4 minutes\" \/>\n<script type=\"application\/ld+json\" class=\"yoast-schema-graph\">{\"@context\":\"https:\\\/\\\/schema.org\",\"@graph\":[{\"@type\":[\"Article\",\"BlogPosting\"],\"@id\":\"https:\\\/\\\/targetmalaria.org\\\/fr\\\/latest\\\/actus\\\/rapport-mondial-sur-le-paludisme-2021-une-image-plus-exacte-du-fardeau-du-paludisme-en-afrique\\\/#article\",\"isPartOf\":{\"@id\":\"https:\\\/\\\/targetmalaria.org\\\/fr\\\/latest\\\/actus\\\/rapport-mondial-sur-le-paludisme-2021-une-image-plus-exacte-du-fardeau-du-paludisme-en-afrique\\\/\"},\"author\":{\"name\":\"Yann Pablo\",\"@id\":\"https:\\\/\\\/targetmalaria.org\\\/fr\\\/#\\\/schema\\\/person\\\/c4715c8d1e550240ac403f56f435e8c8\"},\"headline\":\"Rapport mondial sur le paludisme\u00a02021 \u2013 Une image plus exacte du fardeau du paludisme en Afrique\",\"datePublished\":\"2021-12-06T13:50:00+00:00\",\"dateModified\":\"2023-08-15T13:55:50+00:00\",\"mainEntityOfPage\":{\"@id\":\"https:\\\/\\\/targetmalaria.org\\\/fr\\\/latest\\\/actus\\\/rapport-mondial-sur-le-paludisme-2021-une-image-plus-exacte-du-fardeau-du-paludisme-en-afrique\\\/\"},\"wordCount\":753,\"publisher\":{\"@id\":\"https:\\\/\\\/targetmalaria.org\\\/fr\\\/#organization\"},\"image\":{\"@id\":\"https:\\\/\\\/targetmalaria.org\\\/fr\\\/latest\\\/actus\\\/rapport-mondial-sur-le-paludisme-2021-une-image-plus-exacte-du-fardeau-du-paludisme-en-afrique\\\/#primaryimage\"},\"thumbnailUrl\":\"https:\\\/\\\/targetmalaria.org\\\/wp-content\\\/uploads\\\/2021\\\/12\\\/WMR-1.jpg\",\"articleSection\":[\"Actus\"],\"inLanguage\":\"fr-FR\"},{\"@type\":\"WebPage\",\"@id\":\"https:\\\/\\\/targetmalaria.org\\\/fr\\\/latest\\\/actus\\\/rapport-mondial-sur-le-paludisme-2021-une-image-plus-exacte-du-fardeau-du-paludisme-en-afrique\\\/\",\"url\":\"https:\\\/\\\/targetmalaria.org\\\/fr\\\/latest\\\/actus\\\/rapport-mondial-sur-le-paludisme-2021-une-image-plus-exacte-du-fardeau-du-paludisme-en-afrique\\\/\",\"name\":\"Rapport mondial sur le paludisme\u00a02021 \u2013 Une image plus exacte du fardeau du paludisme en Afrique - Target Malaria\",\"isPartOf\":{\"@id\":\"https:\\\/\\\/targetmalaria.org\\\/fr\\\/#website\"},\"primaryImageOfPage\":{\"@id\":\"https:\\\/\\\/targetmalaria.org\\\/fr\\\/latest\\\/actus\\\/rapport-mondial-sur-le-paludisme-2021-une-image-plus-exacte-du-fardeau-du-paludisme-en-afrique\\\/#primaryimage\"},\"image\":{\"@id\":\"https:\\\/\\\/targetmalaria.org\\\/fr\\\/latest\\\/actus\\\/rapport-mondial-sur-le-paludisme-2021-une-image-plus-exacte-du-fardeau-du-paludisme-en-afrique\\\/#primaryimage\"},\"thumbnailUrl\":\"https:\\\/\\\/targetmalaria.org\\\/wp-content\\\/uploads\\\/2021\\\/12\\\/WMR-1.jpg\",\"datePublished\":\"2021-12-06T13:50:00+00:00\",\"dateModified\":\"2023-08-15T13:55:50+00:00\",\"breadcrumb\":{\"@id\":\"https:\\\/\\\/targetmalaria.org\\\/fr\\\/latest\\\/actus\\\/rapport-mondial-sur-le-paludisme-2021-une-image-plus-exacte-du-fardeau-du-paludisme-en-afrique\\\/#breadcrumb\"},\"inLanguage\":\"fr-FR\",\"potentialAction\":[{\"@type\":\"ReadAction\",\"target\":[\"https:\\\/\\\/targetmalaria.org\\\/fr\\\/latest\\\/actus\\\/rapport-mondial-sur-le-paludisme-2021-une-image-plus-exacte-du-fardeau-du-paludisme-en-afrique\\\/\"]}]},{\"@type\":\"ImageObject\",\"inLanguage\":\"fr-FR\",\"@id\":\"https:\\\/\\\/targetmalaria.org\\\/fr\\\/latest\\\/actus\\\/rapport-mondial-sur-le-paludisme-2021-une-image-plus-exacte-du-fardeau-du-paludisme-en-afrique\\\/#primaryimage\",\"url\":\"https:\\\/\\\/targetmalaria.org\\\/wp-content\\\/uploads\\\/2021\\\/12\\\/WMR-1.jpg\",\"contentUrl\":\"https:\\\/\\\/targetmalaria.org\\\/wp-content\\\/uploads\\\/2021\\\/12\\\/WMR-1.jpg\",\"width\":863,\"height\":1200,\"caption\":\"World Malaria Report 2021\"},{\"@type\":\"BreadcrumbList\",\"@id\":\"https:\\\/\\\/targetmalaria.org\\\/fr\\\/latest\\\/actus\\\/rapport-mondial-sur-le-paludisme-2021-une-image-plus-exacte-du-fardeau-du-paludisme-en-afrique\\\/#breadcrumb\",\"itemListElement\":[{\"@type\":\"ListItem\",\"position\":1,\"name\":\"Home\",\"item\":\"https:\\\/\\\/targetmalaria.org\\\/fr\\\/\"},{\"@type\":\"ListItem\",\"position\":2,\"name\":\"Rapport mondial sur le paludisme\u00a02021 \u2013 Une image plus exacte du fardeau du paludisme en Afrique\"}]},{\"@type\":\"WebSite\",\"@id\":\"https:\\\/\\\/targetmalaria.org\\\/fr\\\/#website\",\"url\":\"https:\\\/\\\/targetmalaria.org\\\/fr\\\/\",\"name\":\"Target Malaria\",\"description\":\"\",\"publisher\":{\"@id\":\"https:\\\/\\\/targetmalaria.org\\\/fr\\\/#organization\"},\"potentialAction\":[{\"@type\":\"SearchAction\",\"target\":{\"@type\":\"EntryPoint\",\"urlTemplate\":\"https:\\\/\\\/targetmalaria.org\\\/fr\\\/?s={search_term_string}\"},\"query-input\":{\"@type\":\"PropertyValueSpecification\",\"valueRequired\":true,\"valueName\":\"search_term_string\"}}],\"inLanguage\":\"fr-FR\"},{\"@type\":\"Organization\",\"@id\":\"https:\\\/\\\/targetmalaria.org\\\/fr\\\/#organization\",\"name\":\"Target Malaria\",\"url\":\"https:\\\/\\\/targetmalaria.org\\\/fr\\\/\",\"logo\":{\"@type\":\"ImageObject\",\"inLanguage\":\"fr-FR\",\"@id\":\"https:\\\/\\\/targetmalaria.org\\\/fr\\\/#\\\/schema\\\/logo\\\/image\\\/\",\"url\":\"https:\\\/\\\/targetmalaria.org\\\/wp-content\\\/uploads\\\/2025\\\/08\\\/target_malaria_bf_logo.png\",\"contentUrl\":\"https:\\\/\\\/targetmalaria.org\\\/wp-content\\\/uploads\\\/2025\\\/08\\\/target_malaria_bf_logo.png\",\"width\":1920,\"height\":1080,\"caption\":\"Target Malaria\"},\"image\":{\"@id\":\"https:\\\/\\\/targetmalaria.org\\\/fr\\\/#\\\/schema\\\/logo\\\/image\\\/\"},\"sameAs\":[\"https:\\\/\\\/www.facebook.com\\\/TargetMalariaGlobal\\\/\",\"https:\\\/\\\/x.com\\\/TargetMalaria\",\"https:\\\/\\\/www.linkedin.com\\\/company\\\/target-malaria\",\"https:\\\/\\\/youtube.com\\\/@TargetMalaria\"]},{\"@type\":\"Person\",\"@id\":\"https:\\\/\\\/targetmalaria.org\\\/fr\\\/#\\\/schema\\\/person\\\/c4715c8d1e550240ac403f56f435e8c8\",\"name\":\"Yann Pablo\",\"sameAs\":[\"https:\\\/\\\/whybe.ch\"]}]}<\/script>\n<!-- \/ Yoast SEO plugin. -->","yoast_head_json":{"title":"Rapport mondial sur le paludisme\u00a02021 \u2013 Une image plus exacte du fardeau du paludisme en Afrique - Target Malaria","robots":{"index":"index","follow":"follow","max-snippet":"max-snippet:-1","max-image-preview":"max-image-preview:large","max-video-preview":"max-video-preview:-1"},"canonical":"https:\/\/targetmalaria.org\/fr\/latest\/actus\/rapport-mondial-sur-le-paludisme-2021-une-image-plus-exacte-du-fardeau-du-paludisme-en-afrique\/","og_locale":"fr_FR","og_type":"article","og_title":"Rapport mondial sur le paludisme\u00a02021 \u2013 Une image plus exacte du fardeau du paludisme en Afrique - Target Malaria","og_description":"Aujourd\u2019hui, l\u2019Organisation mondiale de la Sant\u00e9 (OMS) a publi\u00e9 son rapport mondial sur le paludisme. Le rapport porte un regard diff\u00e9rent sur le fardeau du paludisme, en utilisant une m\u00e9thodologie mise \u00e0 jour pour calculer le nombre de d\u00e9c\u00e8s dus au paludisme chez les enfants de moins de cinq ans. Cette nouvelle m\u00e9thode statistique fournit [&hellip;]","og_url":"https:\/\/targetmalaria.org\/fr\/latest\/actus\/rapport-mondial-sur-le-paludisme-2021-une-image-plus-exacte-du-fardeau-du-paludisme-en-afrique\/","og_site_name":"Target Malaria","article_publisher":"https:\/\/www.facebook.com\/TargetMalariaGlobal\/","article_published_time":"2021-12-06T13:50:00+00:00","article_modified_time":"2023-08-15T13:55:50+00:00","og_image":[{"width":863,"height":1200,"url":"https:\/\/targetmalaria.org\/wp-content\/uploads\/2021\/12\/WMR-1.jpg","type":"image\/jpeg"}],"author":"Yann Pablo","twitter_card":"summary_large_image","twitter_creator":"@TargetMalaria","twitter_site":"@TargetMalaria","twitter_misc":{"\u00c9crit par":"Yann Pablo","Dur\u00e9e de lecture estim\u00e9e":"4 minutes"},"schema":{"@context":"https:\/\/schema.org","@graph":[{"@type":["Article","BlogPosting"],"@id":"https:\/\/targetmalaria.org\/fr\/latest\/actus\/rapport-mondial-sur-le-paludisme-2021-une-image-plus-exacte-du-fardeau-du-paludisme-en-afrique\/#article","isPartOf":{"@id":"https:\/\/targetmalaria.org\/fr\/latest\/actus\/rapport-mondial-sur-le-paludisme-2021-une-image-plus-exacte-du-fardeau-du-paludisme-en-afrique\/"},"author":{"name":"Yann Pablo","@id":"https:\/\/targetmalaria.org\/fr\/#\/schema\/person\/c4715c8d1e550240ac403f56f435e8c8"},"headline":"Rapport mondial sur le paludisme\u00a02021 \u2013 Une image plus exacte du fardeau du paludisme en Afrique","datePublished":"2021-12-06T13:50:00+00:00","dateModified":"2023-08-15T13:55:50+00:00","mainEntityOfPage":{"@id":"https:\/\/targetmalaria.org\/fr\/latest\/actus\/rapport-mondial-sur-le-paludisme-2021-une-image-plus-exacte-du-fardeau-du-paludisme-en-afrique\/"},"wordCount":753,"publisher":{"@id":"https:\/\/targetmalaria.org\/fr\/#organization"},"image":{"@id":"https:\/\/targetmalaria.org\/fr\/latest\/actus\/rapport-mondial-sur-le-paludisme-2021-une-image-plus-exacte-du-fardeau-du-paludisme-en-afrique\/#primaryimage"},"thumbnailUrl":"https:\/\/targetmalaria.org\/wp-content\/uploads\/2021\/12\/WMR-1.jpg","articleSection":["Actus"],"inLanguage":"fr-FR"},{"@type":"WebPage","@id":"https:\/\/targetmalaria.org\/fr\/latest\/actus\/rapport-mondial-sur-le-paludisme-2021-une-image-plus-exacte-du-fardeau-du-paludisme-en-afrique\/","url":"https:\/\/targetmalaria.org\/fr\/latest\/actus\/rapport-mondial-sur-le-paludisme-2021-une-image-plus-exacte-du-fardeau-du-paludisme-en-afrique\/","name":"Rapport mondial sur le paludisme\u00a02021 \u2013 Une image plus exacte du fardeau du paludisme en Afrique - Target Malaria","isPartOf":{"@id":"https:\/\/targetmalaria.org\/fr\/#website"},"primaryImageOfPage":{"@id":"https:\/\/targetmalaria.org\/fr\/latest\/actus\/rapport-mondial-sur-le-paludisme-2021-une-image-plus-exacte-du-fardeau-du-paludisme-en-afrique\/#primaryimage"},"image":{"@id":"https:\/\/targetmalaria.org\/fr\/latest\/actus\/rapport-mondial-sur-le-paludisme-2021-une-image-plus-exacte-du-fardeau-du-paludisme-en-afrique\/#primaryimage"},"thumbnailUrl":"https:\/\/targetmalaria.org\/wp-content\/uploads\/2021\/12\/WMR-1.jpg","datePublished":"2021-12-06T13:50:00+00:00","dateModified":"2023-08-15T13:55:50+00:00","breadcrumb":{"@id":"https:\/\/targetmalaria.org\/fr\/latest\/actus\/rapport-mondial-sur-le-paludisme-2021-une-image-plus-exacte-du-fardeau-du-paludisme-en-afrique\/#breadcrumb"},"inLanguage":"fr-FR","potentialAction":[{"@type":"ReadAction","target":["https:\/\/targetmalaria.org\/fr\/latest\/actus\/rapport-mondial-sur-le-paludisme-2021-une-image-plus-exacte-du-fardeau-du-paludisme-en-afrique\/"]}]},{"@type":"ImageObject","inLanguage":"fr-FR","@id":"https:\/\/targetmalaria.org\/fr\/latest\/actus\/rapport-mondial-sur-le-paludisme-2021-une-image-plus-exacte-du-fardeau-du-paludisme-en-afrique\/#primaryimage","url":"https:\/\/targetmalaria.org\/wp-content\/uploads\/2021\/12\/WMR-1.jpg","contentUrl":"https:\/\/targetmalaria.org\/wp-content\/uploads\/2021\/12\/WMR-1.jpg","width":863,"height":1200,"caption":"World Malaria Report 2021"},{"@type":"BreadcrumbList","@id":"https:\/\/targetmalaria.org\/fr\/latest\/actus\/rapport-mondial-sur-le-paludisme-2021-une-image-plus-exacte-du-fardeau-du-paludisme-en-afrique\/#breadcrumb","itemListElement":[{"@type":"ListItem","position":1,"name":"Home","item":"https:\/\/targetmalaria.org\/fr\/"},{"@type":"ListItem","position":2,"name":"Rapport mondial sur le paludisme\u00a02021 \u2013 Une image plus exacte du fardeau du paludisme en Afrique"}]},{"@type":"WebSite","@id":"https:\/\/targetmalaria.org\/fr\/#website","url":"https:\/\/targetmalaria.org\/fr\/","name":"Target Malaria","description":"","publisher":{"@id":"https:\/\/targetmalaria.org\/fr\/#organization"},"potentialAction":[{"@type":"SearchAction","target":{"@type":"EntryPoint","urlTemplate":"https:\/\/targetmalaria.org\/fr\/?s={search_term_string}"},"query-input":{"@type":"PropertyValueSpecification","valueRequired":true,"valueName":"search_term_string"}}],"inLanguage":"fr-FR"},{"@type":"Organization","@id":"https:\/\/targetmalaria.org\/fr\/#organization","name":"Target Malaria","url":"https:\/\/targetmalaria.org\/fr\/","logo":{"@type":"ImageObject","inLanguage":"fr-FR","@id":"https:\/\/targetmalaria.org\/fr\/#\/schema\/logo\/image\/","url":"https:\/\/targetmalaria.org\/wp-content\/uploads\/2025\/08\/target_malaria_bf_logo.png","contentUrl":"https:\/\/targetmalaria.org\/wp-content\/uploads\/2025\/08\/target_malaria_bf_logo.png","width":1920,"height":1080,"caption":"Target Malaria"},"image":{"@id":"https:\/\/targetmalaria.org\/fr\/#\/schema\/logo\/image\/"},"sameAs":["https:\/\/www.facebook.com\/TargetMalariaGlobal\/","https:\/\/x.com\/TargetMalaria","https:\/\/www.linkedin.com\/company\/target-malaria","https:\/\/youtube.com\/@TargetMalaria"]},{"@type":"Person","@id":"https:\/\/targetmalaria.org\/fr\/#\/schema\/person\/c4715c8d1e550240ac403f56f435e8c8","name":"Yann Pablo","sameAs":["https:\/\/whybe.ch"]}]}},"_links":{"self":[{"href":"https:\/\/targetmalaria.org\/fr\/wp-json\/wp\/v2\/posts\/7088","targetHints":{"allow":["GET"]}}],"collection":[{"href":"https:\/\/targetmalaria.org\/fr\/wp-json\/wp\/v2\/posts"}],"about":[{"href":"https:\/\/targetmalaria.org\/fr\/wp-json\/wp\/v2\/types\/post"}],"author":[{"embeddable":true,"href":"https:\/\/targetmalaria.org\/fr\/wp-json\/wp\/v2\/users\/32"}],"replies":[{"embeddable":true,"href":"https:\/\/targetmalaria.org\/fr\/wp-json\/wp\/v2\/comments?post=7088"}],"version-history":[{"count":0,"href":"https:\/\/targetmalaria.org\/fr\/wp-json\/wp\/v2\/posts\/7088\/revisions"}],"wp:featuredmedia":[{"embeddable":true,"href":"https:\/\/targetmalaria.org\/fr\/wp-json\/wp\/v2\/media\/6629"}],"wp:attachment":[{"href":"https:\/\/targetmalaria.org\/fr\/wp-json\/wp\/v2\/media?parent=7088"}],"wp:term":[{"taxonomy":"category","embeddable":true,"href":"https:\/\/targetmalaria.org\/fr\/wp-json\/wp\/v2\/categories?post=7088"},{"taxonomy":"profile_tax","embeddable":true,"href":"https:\/\/targetmalaria.org\/fr\/wp-json\/wp\/v2\/profile_tax?post=7088"}],"curies":[{"name":"wp","href":"https:\/\/api.w.org\/{rel}","templated":true}]}}