{"id":6664,"date":"2021-11-15T16:53:00","date_gmt":"2021-11-15T16:53:00","guid":{"rendered":"https:\/\/targetmalaria.org\/?p=6664"},"modified":"2023-08-15T14:56:26","modified_gmt":"2023-08-15T13:56:26","slug":"un-nouvel-assistant-technique-rejoint-lequipe-au-ghana","status":"publish","type":"post","link":"https:\/\/targetmalaria.org\/fr\/latest\/actus\/un-nouvel-assistant-technique-rejoint-lequipe-au-ghana\/","title":{"rendered":"Un nouvel Assistant Technique rejoint l&rsquo;\u00e9quipe au Ghana"},"content":{"rendered":"\n<p>J\u2019ai rejoint l\u2019\u00e9quipe Target Malaria au Ghana en septembre 2021, au poste d\u2019Assistant technique. Je suis enchant\u00e9 de faire partie de cette grande famille r\u00e9partie sur trois continents.<\/p>\n\n\n\n<p>J\u2019ai d\u00e9j\u00e0 travaill\u00e9 pour l\u2019Institut d\u2019\u00e9tudes sur l\u2019environnement et l\u2019assainissement. Dans mon r\u00f4le d\u2019Assistant de recherche, j\u2019\u00e9tais charg\u00e9 notamment du vermi-compost, de contr\u00f4ler les param\u00e8tres de l\u2019eau et de tester la qualit\u00e9 des sols.<\/p>\n\n\n\n<p>Ensuite, j\u2019ai \u00e9t\u00e9 Assistant de recherche \u00e0 l\u2019Institut Noguchi Memorial pour la recherche m\u00e9dicale. Mes responsabilit\u00e9s \u00e9taient la culture de cellules canc\u00e9reuses et saines, l\u2019isolation de compos\u00e9s \u00e0 partir d\u2019extraits de plantes et la formation des \u00e9tudiants PhD et Master pour la culture des cellules et les essais de toxicit\u00e9.<\/p>\n\n\n\n<p>Je suis maintenant Assistant technique aupr\u00e8s du Dr. Fred Aboagye-Antwi, Principal Investigateur de Target Malaria Ghana, qui est \u00e9galement Senior Lecturer au D\u00e9partement de biologie animale et des Sciences de la conservation.&nbsp;<\/p>\n\n\n\n<p>Je suis Ghan\u00e9en. J\u2019ai un dipl\u00f4me de premier cycle (BA) en Biologie animale et sciences de la conservation. J\u2019ai \u00e9galement suivi un cursus MPhil (Master of philosophy) en Pharmacologie \u00e0 l\u2019Universit\u00e9 du Ghana, o\u00f9 ma recherche portait sur le r\u00f4le pharmacodynamique des compos\u00e9s chimiques et des extraits de plantes pour lutter contre les cellules canc\u00e9reuses <em>in-vitro<\/em>. Ma recherche a permis d\u2019\u00e9clairer davantage les interactions et les effets des compos\u00e9s sur les r\u00e9cepteurs.<\/p>\n\n\n\n<p>\u00c0 l\u2019heure actuelle, j\u2019\u00e9tudie la synth\u00e8se et la d\u00e9termination de la concentration efficace, ainsi que le r\u00f4le synerg\u00e9tique des attractifs chimiques (ph\u00e9romones) dans l\u2019accouplement des moustiques, la reconnaissance sexuelle et la parade nuptiale.&nbsp;<\/p>\n\n\n\n<p>Cette \u00e9tude viendra s\u2019ajouter \u00e0 la litt\u00e9rature actuelle sur le m\u00e9canisme de reproduction qui pourrait conduire \u00e0 des strat\u00e9gies de lutte anti-vectorielle ciblant le comportement reproducteur des insectes.<\/p>\n\n\n\n<p>Dans mon temps libre, j\u2019aime voyager pour les loisirs et la d\u00e9tente.<\/p>\n","protected":false},"excerpt":{"rendered":"<p>J\u2019ai rejoint l\u2019\u00e9quipe Target Malaria au Ghana en septembre 2021, au poste d\u2019Assistant technique. Je suis enchant\u00e9 de faire partie de cette grande famille r\u00e9partie sur trois continents. J\u2019ai d\u00e9j\u00e0 travaill\u00e9 pour l\u2019Institut d\u2019\u00e9tudes sur l\u2019environnement et l\u2019assainissement. Dans mon r\u00f4le d\u2019Assistant de recherche, j\u2019\u00e9tais charg\u00e9 notamment du vermi-compost, de contr\u00f4ler les param\u00e8tres de l\u2019eau [&hellip;]<\/p>\n","protected":false},"author":32,"featured_media":6528,"comment_status":"closed","ping_status":"closed","sticky":false,"template":"","format":"standard","meta":{"_acf_changed":false,"_relevanssi_hide_post":"","_relevanssi_hide_content":"","_relevanssi_pin_for_all":"","_relevanssi_pin_keywords":"","_relevanssi_unpin_keywords":"","_relevanssi_related_keywords":"","_relevanssi_related_include_ids":"","_relevanssi_related_exclude_ids":"","_relevanssi_related_no_append":"","_relevanssi_related_not_related":"","_relevanssi_related_posts":"","_relevanssi_noindex_reason":"","featured_image_focal_point":[],"_image_focal_point":[],"footnotes":""},"categories":[88],"profile_tax":[],"class_list":["post-6664","post","type-post","status-publish","format-standard","has-post-thumbnail","hentry","category-actus","post_writers-joseph-kofi-abankwa","post_writers-joseph-kofi-abankwa-fr"],"acf":[],"yoast_head":"<!-- This site is optimized with the Yoast SEO plugin v27.4 - https:\/\/yoast.com\/product\/yoast-seo-wordpress\/ -->\n<title>Un nouvel Assistant Technique rejoint l&#039;\u00e9quipe au Ghana - Target Malaria<\/title>\n<meta name=\"robots\" content=\"index, follow, max-snippet:-1, max-image-preview:large, max-video-preview:-1\" \/>\n<link rel=\"canonical\" href=\"https:\/\/targetmalaria.org\/fr\/latest\/actus\/un-nouvel-assistant-technique-rejoint-lequipe-au-ghana\/\" \/>\n<meta property=\"og:locale\" content=\"fr_FR\" \/>\n<meta property=\"og:type\" content=\"article\" \/>\n<meta property=\"og:title\" content=\"Un nouvel Assistant Technique rejoint l&#039;\u00e9quipe au Ghana - Target Malaria\" \/>\n<meta property=\"og:description\" content=\"J\u2019ai rejoint l\u2019\u00e9quipe Target Malaria au Ghana en septembre 2021, au poste d\u2019Assistant technique. Je suis enchant\u00e9 de faire partie de cette grande famille r\u00e9partie sur trois continents. J\u2019ai d\u00e9j\u00e0 travaill\u00e9 pour l\u2019Institut d\u2019\u00e9tudes sur l\u2019environnement et l\u2019assainissement. Dans mon r\u00f4le d\u2019Assistant de recherche, j\u2019\u00e9tais charg\u00e9 notamment du vermi-compost, de contr\u00f4ler les param\u00e8tres de l\u2019eau [&hellip;]\" \/>\n<meta property=\"og:url\" content=\"https:\/\/targetmalaria.org\/fr\/latest\/actus\/un-nouvel-assistant-technique-rejoint-lequipe-au-ghana\/\" \/>\n<meta property=\"og:site_name\" content=\"Target Malaria\" \/>\n<meta property=\"article:publisher\" content=\"https:\/\/www.facebook.com\/TargetMalariaGlobal\/\" \/>\n<meta property=\"article:published_time\" content=\"2021-11-15T16:53:00+00:00\" \/>\n<meta property=\"article:modified_time\" content=\"2023-08-15T13:56:26+00:00\" \/>\n<meta property=\"og:image\" content=\"https:\/\/targetmalaria.org\/wp-content\/uploads\/2021\/11\/1636553054523_IMG-20211025-WA0008.jpg\" \/>\n\t<meta property=\"og:image:width\" content=\"1080\" \/>\n\t<meta property=\"og:image:height\" content=\"1015\" \/>\n\t<meta property=\"og:image:type\" content=\"image\/jpeg\" \/>\n<meta name=\"author\" content=\"Yann Pablo\" \/>\n<meta name=\"twitter:card\" content=\"summary_large_image\" \/>\n<meta name=\"twitter:creator\" content=\"@TargetMalaria\" \/>\n<meta name=\"twitter:site\" content=\"@TargetMalaria\" \/>\n<meta name=\"twitter:label1\" content=\"\u00c9crit par\" \/>\n\t<meta name=\"twitter:data1\" content=\"Yann Pablo\" \/>\n\t<meta name=\"twitter:label2\" content=\"Dur\u00e9e de lecture estim\u00e9e\" \/>\n\t<meta name=\"twitter:data2\" content=\"2 minutes\" \/>\n<script type=\"application\/ld+json\" class=\"yoast-schema-graph\">{\"@context\":\"https:\\\/\\\/schema.org\",\"@graph\":[{\"@type\":[\"Article\",\"BlogPosting\"],\"@id\":\"https:\\\/\\\/targetmalaria.org\\\/fr\\\/latest\\\/actus\\\/un-nouvel-assistant-technique-rejoint-lequipe-au-ghana\\\/#article\",\"isPartOf\":{\"@id\":\"https:\\\/\\\/targetmalaria.org\\\/fr\\\/latest\\\/actus\\\/un-nouvel-assistant-technique-rejoint-lequipe-au-ghana\\\/\"},\"author\":{\"name\":\"Yann Pablo\",\"@id\":\"https:\\\/\\\/targetmalaria.org\\\/fr\\\/#\\\/schema\\\/person\\\/c4715c8d1e550240ac403f56f435e8c8\"},\"headline\":\"Un nouvel Assistant Technique rejoint l&rsquo;\u00e9quipe au Ghana\",\"datePublished\":\"2021-11-15T16:53:00+00:00\",\"dateModified\":\"2023-08-15T13:56:26+00:00\",\"mainEntityOfPage\":{\"@id\":\"https:\\\/\\\/targetmalaria.org\\\/fr\\\/latest\\\/actus\\\/un-nouvel-assistant-technique-rejoint-lequipe-au-ghana\\\/\"},\"wordCount\":344,\"publisher\":{\"@id\":\"https:\\\/\\\/targetmalaria.org\\\/fr\\\/#organization\"},\"image\":{\"@id\":\"https:\\\/\\\/targetmalaria.org\\\/fr\\\/latest\\\/actus\\\/un-nouvel-assistant-technique-rejoint-lequipe-au-ghana\\\/#primaryimage\"},\"thumbnailUrl\":\"https:\\\/\\\/targetmalaria.org\\\/wp-content\\\/uploads\\\/2021\\\/11\\\/1636553054523_IMG-20211025-WA0008.jpg\",\"articleSection\":[\"Actus\"],\"inLanguage\":\"fr-FR\"},{\"@type\":\"WebPage\",\"@id\":\"https:\\\/\\\/targetmalaria.org\\\/fr\\\/latest\\\/actus\\\/un-nouvel-assistant-technique-rejoint-lequipe-au-ghana\\\/\",\"url\":\"https:\\\/\\\/targetmalaria.org\\\/fr\\\/latest\\\/actus\\\/un-nouvel-assistant-technique-rejoint-lequipe-au-ghana\\\/\",\"name\":\"Un nouvel Assistant Technique rejoint l'\u00e9quipe au Ghana - Target Malaria\",\"isPartOf\":{\"@id\":\"https:\\\/\\\/targetmalaria.org\\\/fr\\\/#website\"},\"primaryImageOfPage\":{\"@id\":\"https:\\\/\\\/targetmalaria.org\\\/fr\\\/latest\\\/actus\\\/un-nouvel-assistant-technique-rejoint-lequipe-au-ghana\\\/#primaryimage\"},\"image\":{\"@id\":\"https:\\\/\\\/targetmalaria.org\\\/fr\\\/latest\\\/actus\\\/un-nouvel-assistant-technique-rejoint-lequipe-au-ghana\\\/#primaryimage\"},\"thumbnailUrl\":\"https:\\\/\\\/targetmalaria.org\\\/wp-content\\\/uploads\\\/2021\\\/11\\\/1636553054523_IMG-20211025-WA0008.jpg\",\"datePublished\":\"2021-11-15T16:53:00+00:00\",\"dateModified\":\"2023-08-15T13:56:26+00:00\",\"breadcrumb\":{\"@id\":\"https:\\\/\\\/targetmalaria.org\\\/fr\\\/latest\\\/actus\\\/un-nouvel-assistant-technique-rejoint-lequipe-au-ghana\\\/#breadcrumb\"},\"inLanguage\":\"fr-FR\",\"potentialAction\":[{\"@type\":\"ReadAction\",\"target\":[\"https:\\\/\\\/targetmalaria.org\\\/fr\\\/latest\\\/actus\\\/un-nouvel-assistant-technique-rejoint-lequipe-au-ghana\\\/\"]}]},{\"@type\":\"ImageObject\",\"inLanguage\":\"fr-FR\",\"@id\":\"https:\\\/\\\/targetmalaria.org\\\/fr\\\/latest\\\/actus\\\/un-nouvel-assistant-technique-rejoint-lequipe-au-ghana\\\/#primaryimage\",\"url\":\"https:\\\/\\\/targetmalaria.org\\\/wp-content\\\/uploads\\\/2021\\\/11\\\/1636553054523_IMG-20211025-WA0008.jpg\",\"contentUrl\":\"https:\\\/\\\/targetmalaria.org\\\/wp-content\\\/uploads\\\/2021\\\/11\\\/1636553054523_IMG-20211025-WA0008.jpg\",\"width\":1080,\"height\":1015},{\"@type\":\"BreadcrumbList\",\"@id\":\"https:\\\/\\\/targetmalaria.org\\\/fr\\\/latest\\\/actus\\\/un-nouvel-assistant-technique-rejoint-lequipe-au-ghana\\\/#breadcrumb\",\"itemListElement\":[{\"@type\":\"ListItem\",\"position\":1,\"name\":\"Home\",\"item\":\"https:\\\/\\\/targetmalaria.org\\\/fr\\\/\"},{\"@type\":\"ListItem\",\"position\":2,\"name\":\"Un nouvel Assistant Technique rejoint l&#8217;\u00e9quipe au Ghana\"}]},{\"@type\":\"WebSite\",\"@id\":\"https:\\\/\\\/targetmalaria.org\\\/fr\\\/#website\",\"url\":\"https:\\\/\\\/targetmalaria.org\\\/fr\\\/\",\"name\":\"Target Malaria\",\"description\":\"\",\"publisher\":{\"@id\":\"https:\\\/\\\/targetmalaria.org\\\/fr\\\/#organization\"},\"potentialAction\":[{\"@type\":\"SearchAction\",\"target\":{\"@type\":\"EntryPoint\",\"urlTemplate\":\"https:\\\/\\\/targetmalaria.org\\\/fr\\\/?s={search_term_string}\"},\"query-input\":{\"@type\":\"PropertyValueSpecification\",\"valueRequired\":true,\"valueName\":\"search_term_string\"}}],\"inLanguage\":\"fr-FR\"},{\"@type\":\"Organization\",\"@id\":\"https:\\\/\\\/targetmalaria.org\\\/fr\\\/#organization\",\"name\":\"Target Malaria\",\"url\":\"https:\\\/\\\/targetmalaria.org\\\/fr\\\/\",\"logo\":{\"@type\":\"ImageObject\",\"inLanguage\":\"fr-FR\",\"@id\":\"https:\\\/\\\/targetmalaria.org\\\/fr\\\/#\\\/schema\\\/logo\\\/image\\\/\",\"url\":\"https:\\\/\\\/targetmalaria.org\\\/wp-content\\\/uploads\\\/2025\\\/08\\\/target_malaria_bf_logo.png\",\"contentUrl\":\"https:\\\/\\\/targetmalaria.org\\\/wp-content\\\/uploads\\\/2025\\\/08\\\/target_malaria_bf_logo.png\",\"width\":1920,\"height\":1080,\"caption\":\"Target Malaria\"},\"image\":{\"@id\":\"https:\\\/\\\/targetmalaria.org\\\/fr\\\/#\\\/schema\\\/logo\\\/image\\\/\"},\"sameAs\":[\"https:\\\/\\\/www.facebook.com\\\/TargetMalariaGlobal\\\/\",\"https:\\\/\\\/x.com\\\/TargetMalaria\",\"https:\\\/\\\/www.linkedin.com\\\/company\\\/target-malaria\",\"https:\\\/\\\/youtube.com\\\/@TargetMalaria\"]},{\"@type\":\"Person\",\"@id\":\"https:\\\/\\\/targetmalaria.org\\\/fr\\\/#\\\/schema\\\/person\\\/c4715c8d1e550240ac403f56f435e8c8\",\"name\":\"Yann Pablo\",\"sameAs\":[\"https:\\\/\\\/whybe.ch\"]}]}<\/script>\n<!-- \/ Yoast SEO plugin. -->","yoast_head_json":{"title":"Un nouvel Assistant Technique rejoint l'\u00e9quipe au Ghana - Target Malaria","robots":{"index":"index","follow":"follow","max-snippet":"max-snippet:-1","max-image-preview":"max-image-preview:large","max-video-preview":"max-video-preview:-1"},"canonical":"https:\/\/targetmalaria.org\/fr\/latest\/actus\/un-nouvel-assistant-technique-rejoint-lequipe-au-ghana\/","og_locale":"fr_FR","og_type":"article","og_title":"Un nouvel Assistant Technique rejoint l'\u00e9quipe au Ghana - Target Malaria","og_description":"J\u2019ai rejoint l\u2019\u00e9quipe Target Malaria au Ghana en septembre 2021, au poste d\u2019Assistant technique. Je suis enchant\u00e9 de faire partie de cette grande famille r\u00e9partie sur trois continents. J\u2019ai d\u00e9j\u00e0 travaill\u00e9 pour l\u2019Institut d\u2019\u00e9tudes sur l\u2019environnement et l\u2019assainissement. Dans mon r\u00f4le d\u2019Assistant de recherche, j\u2019\u00e9tais charg\u00e9 notamment du vermi-compost, de contr\u00f4ler les param\u00e8tres de l\u2019eau [&hellip;]","og_url":"https:\/\/targetmalaria.org\/fr\/latest\/actus\/un-nouvel-assistant-technique-rejoint-lequipe-au-ghana\/","og_site_name":"Target Malaria","article_publisher":"https:\/\/www.facebook.com\/TargetMalariaGlobal\/","article_published_time":"2021-11-15T16:53:00+00:00","article_modified_time":"2023-08-15T13:56:26+00:00","og_image":[{"width":1080,"height":1015,"url":"https:\/\/targetmalaria.org\/wp-content\/uploads\/2021\/11\/1636553054523_IMG-20211025-WA0008.jpg","type":"image\/jpeg"}],"author":"Yann Pablo","twitter_card":"summary_large_image","twitter_creator":"@TargetMalaria","twitter_site":"@TargetMalaria","twitter_misc":{"\u00c9crit par":"Yann Pablo","Dur\u00e9e de lecture estim\u00e9e":"2 minutes"},"schema":{"@context":"https:\/\/schema.org","@graph":[{"@type":["Article","BlogPosting"],"@id":"https:\/\/targetmalaria.org\/fr\/latest\/actus\/un-nouvel-assistant-technique-rejoint-lequipe-au-ghana\/#article","isPartOf":{"@id":"https:\/\/targetmalaria.org\/fr\/latest\/actus\/un-nouvel-assistant-technique-rejoint-lequipe-au-ghana\/"},"author":{"name":"Yann Pablo","@id":"https:\/\/targetmalaria.org\/fr\/#\/schema\/person\/c4715c8d1e550240ac403f56f435e8c8"},"headline":"Un nouvel Assistant Technique rejoint l&rsquo;\u00e9quipe au Ghana","datePublished":"2021-11-15T16:53:00+00:00","dateModified":"2023-08-15T13:56:26+00:00","mainEntityOfPage":{"@id":"https:\/\/targetmalaria.org\/fr\/latest\/actus\/un-nouvel-assistant-technique-rejoint-lequipe-au-ghana\/"},"wordCount":344,"publisher":{"@id":"https:\/\/targetmalaria.org\/fr\/#organization"},"image":{"@id":"https:\/\/targetmalaria.org\/fr\/latest\/actus\/un-nouvel-assistant-technique-rejoint-lequipe-au-ghana\/#primaryimage"},"thumbnailUrl":"https:\/\/targetmalaria.org\/wp-content\/uploads\/2021\/11\/1636553054523_IMG-20211025-WA0008.jpg","articleSection":["Actus"],"inLanguage":"fr-FR"},{"@type":"WebPage","@id":"https:\/\/targetmalaria.org\/fr\/latest\/actus\/un-nouvel-assistant-technique-rejoint-lequipe-au-ghana\/","url":"https:\/\/targetmalaria.org\/fr\/latest\/actus\/un-nouvel-assistant-technique-rejoint-lequipe-au-ghana\/","name":"Un nouvel Assistant Technique rejoint l'\u00e9quipe au Ghana - Target Malaria","isPartOf":{"@id":"https:\/\/targetmalaria.org\/fr\/#website"},"primaryImageOfPage":{"@id":"https:\/\/targetmalaria.org\/fr\/latest\/actus\/un-nouvel-assistant-technique-rejoint-lequipe-au-ghana\/#primaryimage"},"image":{"@id":"https:\/\/targetmalaria.org\/fr\/latest\/actus\/un-nouvel-assistant-technique-rejoint-lequipe-au-ghana\/#primaryimage"},"thumbnailUrl":"https:\/\/targetmalaria.org\/wp-content\/uploads\/2021\/11\/1636553054523_IMG-20211025-WA0008.jpg","datePublished":"2021-11-15T16:53:00+00:00","dateModified":"2023-08-15T13:56:26+00:00","breadcrumb":{"@id":"https:\/\/targetmalaria.org\/fr\/latest\/actus\/un-nouvel-assistant-technique-rejoint-lequipe-au-ghana\/#breadcrumb"},"inLanguage":"fr-FR","potentialAction":[{"@type":"ReadAction","target":["https:\/\/targetmalaria.org\/fr\/latest\/actus\/un-nouvel-assistant-technique-rejoint-lequipe-au-ghana\/"]}]},{"@type":"ImageObject","inLanguage":"fr-FR","@id":"https:\/\/targetmalaria.org\/fr\/latest\/actus\/un-nouvel-assistant-technique-rejoint-lequipe-au-ghana\/#primaryimage","url":"https:\/\/targetmalaria.org\/wp-content\/uploads\/2021\/11\/1636553054523_IMG-20211025-WA0008.jpg","contentUrl":"https:\/\/targetmalaria.org\/wp-content\/uploads\/2021\/11\/1636553054523_IMG-20211025-WA0008.jpg","width":1080,"height":1015},{"@type":"BreadcrumbList","@id":"https:\/\/targetmalaria.org\/fr\/latest\/actus\/un-nouvel-assistant-technique-rejoint-lequipe-au-ghana\/#breadcrumb","itemListElement":[{"@type":"ListItem","position":1,"name":"Home","item":"https:\/\/targetmalaria.org\/fr\/"},{"@type":"ListItem","position":2,"name":"Un nouvel Assistant Technique rejoint l&#8217;\u00e9quipe au Ghana"}]},{"@type":"WebSite","@id":"https:\/\/targetmalaria.org\/fr\/#website","url":"https:\/\/targetmalaria.org\/fr\/","name":"Target Malaria","description":"","publisher":{"@id":"https:\/\/targetmalaria.org\/fr\/#organization"},"potentialAction":[{"@type":"SearchAction","target":{"@type":"EntryPoint","urlTemplate":"https:\/\/targetmalaria.org\/fr\/?s={search_term_string}"},"query-input":{"@type":"PropertyValueSpecification","valueRequired":true,"valueName":"search_term_string"}}],"inLanguage":"fr-FR"},{"@type":"Organization","@id":"https:\/\/targetmalaria.org\/fr\/#organization","name":"Target Malaria","url":"https:\/\/targetmalaria.org\/fr\/","logo":{"@type":"ImageObject","inLanguage":"fr-FR","@id":"https:\/\/targetmalaria.org\/fr\/#\/schema\/logo\/image\/","url":"https:\/\/targetmalaria.org\/wp-content\/uploads\/2025\/08\/target_malaria_bf_logo.png","contentUrl":"https:\/\/targetmalaria.org\/wp-content\/uploads\/2025\/08\/target_malaria_bf_logo.png","width":1920,"height":1080,"caption":"Target Malaria"},"image":{"@id":"https:\/\/targetmalaria.org\/fr\/#\/schema\/logo\/image\/"},"sameAs":["https:\/\/www.facebook.com\/TargetMalariaGlobal\/","https:\/\/x.com\/TargetMalaria","https:\/\/www.linkedin.com\/company\/target-malaria","https:\/\/youtube.com\/@TargetMalaria"]},{"@type":"Person","@id":"https:\/\/targetmalaria.org\/fr\/#\/schema\/person\/c4715c8d1e550240ac403f56f435e8c8","name":"Yann Pablo","sameAs":["https:\/\/whybe.ch"]}]}},"_links":{"self":[{"href":"https:\/\/targetmalaria.org\/fr\/wp-json\/wp\/v2\/posts\/6664","targetHints":{"allow":["GET"]}}],"collection":[{"href":"https:\/\/targetmalaria.org\/fr\/wp-json\/wp\/v2\/posts"}],"about":[{"href":"https:\/\/targetmalaria.org\/fr\/wp-json\/wp\/v2\/types\/post"}],"author":[{"embeddable":true,"href":"https:\/\/targetmalaria.org\/fr\/wp-json\/wp\/v2\/users\/32"}],"replies":[{"embeddable":true,"href":"https:\/\/targetmalaria.org\/fr\/wp-json\/wp\/v2\/comments?post=6664"}],"version-history":[{"count":0,"href":"https:\/\/targetmalaria.org\/fr\/wp-json\/wp\/v2\/posts\/6664\/revisions"}],"wp:featuredmedia":[{"embeddable":true,"href":"https:\/\/targetmalaria.org\/fr\/wp-json\/wp\/v2\/media\/6528"}],"wp:attachment":[{"href":"https:\/\/targetmalaria.org\/fr\/wp-json\/wp\/v2\/media?parent=6664"}],"wp:term":[{"taxonomy":"category","embeddable":true,"href":"https:\/\/targetmalaria.org\/fr\/wp-json\/wp\/v2\/categories?post=6664"},{"taxonomy":"profile_tax","embeddable":true,"href":"https:\/\/targetmalaria.org\/fr\/wp-json\/wp\/v2\/profile_tax?post=6664"}],"curies":[{"name":"wp","href":"https:\/\/api.w.org\/{rel}","templated":true}]}}