{"id":20492,"date":"2025-04-23T12:11:24","date_gmt":"2025-04-23T11:11:24","guid":{"rendered":"https:\/\/targetmalaria.org\/latest\/actus\/celebrating-world-malaria-day-2025\/"},"modified":"2025-04-23T12:21:12","modified_gmt":"2025-04-23T11:21:12","slug":"celebrating-world-malaria-day-2025","status":"publish","type":"post","link":"https:\/\/targetmalaria.org\/fr\/latest\/blog\/celebrating-world-malaria-day-2025\/","title":{"rendered":"C\u00e9l\u00e9bration de la Journ\u00e9e mondiale contre le paludisme 2025"},"content":{"rendered":"<figure style=\"aspect-ratio:21\/9;\" class=\"wp-block-post-featured-image\"><img loading=\"lazy\" decoding=\"async\" width=\"2040\" height=\"899\" src=\"https:\/\/targetmalaria.org\/wp-content\/uploads\/2025\/04\/WMD_2025_Facebook_FR.png\" class=\"attachment-post-thumbnail size-post-thumbnail wp-post-image\" alt=\"\" style=\"width:100%;height:100%;object-fit:cover;\" srcset=\"https:\/\/targetmalaria.org\/wp-content\/uploads\/2025\/04\/WMD_2025_Facebook_FR.png 2040w, https:\/\/targetmalaria.org\/wp-content\/uploads\/2025\/04\/WMD_2025_Facebook_FR-425x187.png 425w, https:\/\/targetmalaria.org\/wp-content\/uploads\/2025\/04\/WMD_2025_Facebook_FR-1024x451.png 1024w, https:\/\/targetmalaria.org\/wp-content\/uploads\/2025\/04\/WMD_2025_Facebook_FR-768x338.png 768w, https:\/\/targetmalaria.org\/wp-content\/uploads\/2025\/04\/WMD_2025_Facebook_FR-1536x677.png 1536w, https:\/\/targetmalaria.org\/wp-content\/uploads\/2025\/04\/WMD_2025_Facebook_FR-300x132.png 300w\" sizes=\"auto, (max-width: 2040px) 100vw, 2040px\" \/><\/figure>\n\n<div class=\"post_date\">Post\u00e9 le 23 avril 2025<\/div><div class=\"post_details\"><figure class=\"post_author\"><img loading=\"lazy\" decoding=\"async\" width=\"150\" height=\"150\" src=\"https:\/\/targetmalaria.org\/wp-content\/uploads\/2024\/04\/yp_cormin-150x150.jpg\" class=\"attachment-thumbnail size-thumbnail\" alt=\"Photo of Yann Pablo Corminbeauof\" srcset=\"https:\/\/targetmalaria.org\/wp-content\/uploads\/2024\/04\/yp_cormin-150x150.jpg 150w, https:\/\/targetmalaria.org\/wp-content\/uploads\/2024\/04\/yp_cormin-425x425.jpg 425w, https:\/\/targetmalaria.org\/wp-content\/uploads\/2024\/04\/yp_cormin-1024x1024.jpg 1024w, https:\/\/targetmalaria.org\/wp-content\/uploads\/2024\/04\/yp_cormin-768x768.jpg 768w, https:\/\/targetmalaria.org\/wp-content\/uploads\/2024\/04\/yp_cormin-300x300.jpg 300w, https:\/\/targetmalaria.org\/wp-content\/uploads\/2024\/04\/yp_cormin.jpg 1333w\" sizes=\"auto, (max-width: 150px) 100vw, 150px\" \/><\/figure><div class=author_info><h6>Par Yann Pablo Corminboeuf<\/h6><p class=\"author_details\">Directeur Artistique, Imperial College London <br \/>\r\nTarget Malaria<\/p><\/div><\/div>\n\n\n<div class=\"wp-block-columns is-layout-flex wp-container-core-columns-is-layout-28f84493 wp-block-columns-is-layout-flex\">\n<div class=\"wp-block-column is-layout-flow wp-block-column-is-layout-flow\" style=\"flex-basis:75%\">\n<h3 class=\"wp-block-heading\" style=\"padding-top:0\">Le 25 avril 2025 marque la Journ\u00e9e mondiale annuelle contre le paludisme, une occasion pour la communaut\u00e9 mondiale de souligner le besoin actuel de financement et de soutien politique dans la lutte contre le paludisme, c\u00e9l\u00e9brer les \u00e9tapes importantes de la recherche \u00a0et de partager des informations sur les diff\u00e9rentes approches de l&rsquo;\u00e9limination du paludisme.<\/h3>\n\n\n\n<p>Cette ann\u00e9e, notre campagne s&rsquo;aligne sur le slogan de la campagne du Secr\u00e9tariat du groupe africain du Global Fund Advocates Network, <strong>#OneWorldOneFight<\/strong>, qui vise \u00e0 unir les communaut\u00e9s et la soci\u00e9t\u00e9 civile pour d\u00e9fendre :<\/p>\n\n\n\n<ul class=\"wp-block-list\">\n<li>Un Fonds mondial enti\u00e8rement reconstitu\u00e9, capable de sauver 3 millions de vies<\/li>\n\n\n\n<li>Une Afrique engag\u00e9e, o\u00f9 les dirigeants nationaux investissent davantage leurs ressources nationales dans la sant\u00e9 de leurs populations.<\/li>\n<\/ul>\n\n\n\n<p>Nous avons cr\u00e9\u00e9 une s\u00e9rie de vid\u00e9os mettant en sc\u00e8ne des membres de l&rsquo;\u00e9quipe de l&rsquo;ensemble du consortium pour montrer que nous sommes tous unis dans la lutte contre le paludisme, o\u00f9 que nous soyons.<\/p>\n\n\n\n<figure class=\"wp-block-image size-full\"><img loading=\"lazy\" decoding=\"async\" width=\"480\" height=\"270\" src=\"https:\/\/targetmalaria.org\/wp-content\/uploads\/2025\/04\/Web_Banner_WMD_480x270_FR.gif\" alt=\"\" class=\"wp-image-20498\"\/><\/figure>\n\n\n\n<h4 class=\"wp-block-heading\"><\/h4>\n<\/div>\n<\/div>\n\n\n\n<p>Nous avons continu\u00e9 \u00e0 utiliser notre motif de wax num\u00e9rique avec un design africain traditionnel. Le motif int\u00e8gre la double h\u00e9lice de l\u2019ADN, qui fait partie int\u00e9grante du travail de Target Malaria, et nous utilisons la carte du monde pour mettre en \u00e9vidence que nous sommes tous unis pour \u00e9liminer le paludisme.<\/p>\n\n\n\n<p>Pour donner vie \u00e0 cette campagne, nous avons fait appel \u00e0 nos chercheurs, sp\u00e9cialistes des sciences sociales, experts en communication et praticiens de l&rsquo;engagement des parties prenantes en premi\u00e8re ligne contre le paludisme. Pour rendre hommage \u00e0 la diversit\u00e9 de leurs parcours et de leur travail communautaire, nous leur avons demand\u00e9 de s&rsquo;exprimer dans la langue de leur choix.<\/p>\n\n\n\n<figure class=\"wp-block-embed is-type-video is-provider-youtube wp-block-embed-youtube wp-embed-aspect-16-9 wp-has-aspect-ratio\"><div class=\"wp-block-embed__wrapper\">\n<iframe loading=\"lazy\" title=\"Journee Mondiale de Lutte contre le paludisme 2025\" width=\"500\" height=\"281\" src=\"https:\/\/www.youtube.com\/embed\/wLawwWLFjfE?feature=oembed\" frameborder=\"0\" allow=\"accelerometer; autoplay; clipboard-write; encrypted-media; gyroscope; picture-in-picture; web-share\" referrerpolicy=\"strict-origin-when-cross-origin\" allowfullscreen><\/iframe>\n<\/div><\/figure>\n\n\n\n<p>Ils ont r\u00e9pondu avec enthousiasme \u00e0 notre appel, parlant de la d\u00e9vastation caus\u00e9e par le paludisme et de leur engagement personnel dans plusieurs langues : anglais, allemand, diula, espagnol, \u00e9w\u00e9, fran\u00e7ais, italien, luganda, mandingue, pulaar et su\u00e9dois.<\/p>\n\n\n\n<p>Aujourd&rsquo;hui plus que jamais, nous continuerons \u00e0 faire tout notre possible pour sensibiliser le public au paludisme, soutenir la communaut\u00e9 de la lutte contre le paludisme et d\u00e9fendre la cause de ceux qui sont les premiers touch\u00e9s par cette maladie mortelle.<\/p>\n\n\n\n<p>Suivez nos r\u00e9seaux sociaux pour d\u00e9couvrir la campagne :<\/p>\n\n\n\n<p>X: <a href=\"https:\/\/x.com\/TargetMalaria\">https:\/\/x.com\/TargetMalaria<\/a><\/p>\n\n\n\n<p>LinkedIn: <a href=\"https:\/\/www.linkedin.com\/company\/target-malaria\">https:\/\/www.linkedin.com\/company\/target-malaria<\/a> <\/p>\n\n\n\n<p>Facebook: <a href=\"https:\/\/www.facebook.com\/TargetMalariaGlobal\/\">https:\/\/www.facebook.com\/TargetMalariaGlobal\/<\/a><\/p>\n","protected":false},"excerpt":{"rendered":"<p>Le 25 avril 2025 marque la Journ\u00e9e mondiale annuelle contre le paludisme, une occasion pour la communaut\u00e9 mondiale de souligner le besoin actuel de financement et de soutien politique dans la lutte contre le paludisme, c\u00e9l\u00e9brer les \u00e9tapes importantes de la recherche \u00a0et de partager des informations sur les diff\u00e9rentes approches de l&rsquo;\u00e9limination du paludisme. [&hellip;]<\/p>\n","protected":false},"author":31,"featured_media":20494,"comment_status":"closed","ping_status":"closed","sticky":false,"template":"","format":"standard","meta":{"_acf_changed":false,"_relevanssi_hide_post":"","_relevanssi_hide_content":"","_relevanssi_pin_for_all":"","_relevanssi_pin_keywords":"","_relevanssi_unpin_keywords":"","_relevanssi_related_keywords":"","_relevanssi_related_include_ids":"","_relevanssi_related_exclude_ids":"","_relevanssi_related_no_append":"","_relevanssi_related_not_related":"","_relevanssi_related_posts":"","_relevanssi_noindex_reason":"","featured_image_focal_point":[],"_image_focal_point":[],"footnotes":""},"categories":[113],"profile_tax":[],"class_list":["post-20492","post","type-post","status-publish","format-standard","has-post-thumbnail","hentry","category-blog","country-royaume-uni","country-europe","post_writers-yann-pablo-corminboeuf-fr"],"acf":[],"yoast_head":"<!-- This site is optimized with the Yoast SEO plugin v27.5 - https:\/\/yoast.com\/product\/yoast-seo-wordpress\/ -->\n<title>C\u00e9l\u00e9bration de la Journ\u00e9e mondiale contre le paludisme 2025 - Target Malaria<\/title>\n<meta name=\"robots\" content=\"index, follow, max-snippet:-1, max-image-preview:large, max-video-preview:-1\" \/>\n<link rel=\"canonical\" href=\"https:\/\/targetmalaria.org\/fr\/latest\/blog\/celebrating-world-malaria-day-2025\/\" \/>\n<meta property=\"og:locale\" content=\"fr_FR\" \/>\n<meta property=\"og:type\" content=\"article\" \/>\n<meta property=\"og:title\" content=\"C\u00e9l\u00e9bration de la Journ\u00e9e mondiale contre le paludisme 2025 - Target Malaria\" \/>\n<meta property=\"og:description\" content=\"Le 25 avril 2025 marque la Journ\u00e9e mondiale annuelle contre le paludisme, une occasion pour la communaut\u00e9 mondiale de souligner le besoin actuel de financement et de soutien politique dans la lutte contre le paludisme, c\u00e9l\u00e9brer les \u00e9tapes importantes de la recherche \u00a0et de partager des informations sur les diff\u00e9rentes approches de l&rsquo;\u00e9limination du paludisme. [&hellip;]\" \/>\n<meta property=\"og:url\" content=\"https:\/\/targetmalaria.org\/fr\/latest\/blog\/celebrating-world-malaria-day-2025\/\" \/>\n<meta property=\"og:site_name\" content=\"Target Malaria\" \/>\n<meta property=\"article:publisher\" content=\"https:\/\/www.facebook.com\/TargetMalariaGlobal\/\" \/>\n<meta property=\"article:published_time\" content=\"2025-04-23T11:11:24+00:00\" \/>\n<meta property=\"article:modified_time\" content=\"2025-04-23T11:21:12+00:00\" \/>\n<meta property=\"og:image\" content=\"https:\/\/targetmalaria.org\/wp-content\/uploads\/2025\/04\/WMD_2025_Facebook_FR.png\" \/>\n\t<meta property=\"og:image:width\" content=\"2040\" \/>\n\t<meta property=\"og:image:height\" content=\"899\" \/>\n\t<meta property=\"og:image:type\" content=\"image\/png\" \/>\n<meta name=\"author\" content=\"Lorraine Gibson\" \/>\n<meta name=\"twitter:card\" content=\"summary_large_image\" \/>\n<meta name=\"twitter:creator\" content=\"@TargetMalaria\" \/>\n<meta name=\"twitter:site\" content=\"@TargetMalaria\" \/>\n<meta name=\"twitter:label1\" content=\"\u00c9crit par\" \/>\n\t<meta name=\"twitter:data1\" content=\"Lorraine Gibson\" \/>\n\t<meta name=\"twitter:label2\" content=\"Dur\u00e9e de lecture estim\u00e9e\" \/>\n\t<meta name=\"twitter:data2\" content=\"2 minutes\" \/>\n<script type=\"application\/ld+json\" class=\"yoast-schema-graph\">{\"@context\":\"https:\\\/\\\/schema.org\",\"@graph\":[{\"@type\":[\"Article\",\"BlogPosting\"],\"@id\":\"https:\\\/\\\/targetmalaria.org\\\/fr\\\/latest\\\/blog\\\/celebrating-world-malaria-day-2025\\\/#article\",\"isPartOf\":{\"@id\":\"https:\\\/\\\/targetmalaria.org\\\/fr\\\/latest\\\/blog\\\/celebrating-world-malaria-day-2025\\\/\"},\"author\":{\"name\":\"Lorraine Gibson\",\"@id\":\"https:\\\/\\\/targetmalaria.org\\\/fr\\\/#\\\/schema\\\/person\\\/492d9f8e39a2bb31b5ac1b64b7581bb0\"},\"headline\":\"C\u00e9l\u00e9bration de la Journ\u00e9e mondiale contre le paludisme 2025\",\"datePublished\":\"2025-04-23T11:11:24+00:00\",\"dateModified\":\"2025-04-23T11:21:12+00:00\",\"mainEntityOfPage\":{\"@id\":\"https:\\\/\\\/targetmalaria.org\\\/fr\\\/latest\\\/blog\\\/celebrating-world-malaria-day-2025\\\/\"},\"wordCount\":412,\"publisher\":{\"@id\":\"https:\\\/\\\/targetmalaria.org\\\/fr\\\/#organization\"},\"image\":{\"@id\":\"https:\\\/\\\/targetmalaria.org\\\/fr\\\/latest\\\/blog\\\/celebrating-world-malaria-day-2025\\\/#primaryimage\"},\"thumbnailUrl\":\"https:\\\/\\\/targetmalaria.org\\\/wp-content\\\/uploads\\\/2025\\\/04\\\/WMD_2025_Facebook_FR.png\",\"articleSection\":[\"Blog\"],\"inLanguage\":\"fr-FR\"},{\"@type\":\"WebPage\",\"@id\":\"https:\\\/\\\/targetmalaria.org\\\/fr\\\/latest\\\/blog\\\/celebrating-world-malaria-day-2025\\\/\",\"url\":\"https:\\\/\\\/targetmalaria.org\\\/fr\\\/latest\\\/blog\\\/celebrating-world-malaria-day-2025\\\/\",\"name\":\"C\u00e9l\u00e9bration de la Journ\u00e9e mondiale contre le paludisme 2025 - Target Malaria\",\"isPartOf\":{\"@id\":\"https:\\\/\\\/targetmalaria.org\\\/fr\\\/#website\"},\"primaryImageOfPage\":{\"@id\":\"https:\\\/\\\/targetmalaria.org\\\/fr\\\/latest\\\/blog\\\/celebrating-world-malaria-day-2025\\\/#primaryimage\"},\"image\":{\"@id\":\"https:\\\/\\\/targetmalaria.org\\\/fr\\\/latest\\\/blog\\\/celebrating-world-malaria-day-2025\\\/#primaryimage\"},\"thumbnailUrl\":\"https:\\\/\\\/targetmalaria.org\\\/wp-content\\\/uploads\\\/2025\\\/04\\\/WMD_2025_Facebook_FR.png\",\"datePublished\":\"2025-04-23T11:11:24+00:00\",\"dateModified\":\"2025-04-23T11:21:12+00:00\",\"breadcrumb\":{\"@id\":\"https:\\\/\\\/targetmalaria.org\\\/fr\\\/latest\\\/blog\\\/celebrating-world-malaria-day-2025\\\/#breadcrumb\"},\"inLanguage\":\"fr-FR\",\"potentialAction\":[{\"@type\":\"ReadAction\",\"target\":[\"https:\\\/\\\/targetmalaria.org\\\/fr\\\/latest\\\/blog\\\/celebrating-world-malaria-day-2025\\\/\"]}]},{\"@type\":\"ImageObject\",\"inLanguage\":\"fr-FR\",\"@id\":\"https:\\\/\\\/targetmalaria.org\\\/fr\\\/latest\\\/blog\\\/celebrating-world-malaria-day-2025\\\/#primaryimage\",\"url\":\"https:\\\/\\\/targetmalaria.org\\\/wp-content\\\/uploads\\\/2025\\\/04\\\/WMD_2025_Facebook_FR.png\",\"contentUrl\":\"https:\\\/\\\/targetmalaria.org\\\/wp-content\\\/uploads\\\/2025\\\/04\\\/WMD_2025_Facebook_FR.png\",\"width\":2040,\"height\":899},{\"@type\":\"BreadcrumbList\",\"@id\":\"https:\\\/\\\/targetmalaria.org\\\/fr\\\/latest\\\/blog\\\/celebrating-world-malaria-day-2025\\\/#breadcrumb\",\"itemListElement\":[{\"@type\":\"ListItem\",\"position\":1,\"name\":\"Home\",\"item\":\"https:\\\/\\\/targetmalaria.org\\\/fr\\\/\"},{\"@type\":\"ListItem\",\"position\":2,\"name\":\"C\u00e9l\u00e9bration de la Journ\u00e9e mondiale contre le paludisme 2025\"}]},{\"@type\":\"WebSite\",\"@id\":\"https:\\\/\\\/targetmalaria.org\\\/fr\\\/#website\",\"url\":\"https:\\\/\\\/targetmalaria.org\\\/fr\\\/\",\"name\":\"Target Malaria\",\"description\":\"\",\"publisher\":{\"@id\":\"https:\\\/\\\/targetmalaria.org\\\/fr\\\/#organization\"},\"potentialAction\":[{\"@type\":\"SearchAction\",\"target\":{\"@type\":\"EntryPoint\",\"urlTemplate\":\"https:\\\/\\\/targetmalaria.org\\\/fr\\\/?s={search_term_string}\"},\"query-input\":{\"@type\":\"PropertyValueSpecification\",\"valueRequired\":true,\"valueName\":\"search_term_string\"}}],\"inLanguage\":\"fr-FR\"},{\"@type\":\"Organization\",\"@id\":\"https:\\\/\\\/targetmalaria.org\\\/fr\\\/#organization\",\"name\":\"Target Malaria\",\"url\":\"https:\\\/\\\/targetmalaria.org\\\/fr\\\/\",\"logo\":{\"@type\":\"ImageObject\",\"inLanguage\":\"fr-FR\",\"@id\":\"https:\\\/\\\/targetmalaria.org\\\/fr\\\/#\\\/schema\\\/logo\\\/image\\\/\",\"url\":\"https:\\\/\\\/targetmalaria.org\\\/wp-content\\\/uploads\\\/2025\\\/08\\\/target_malaria_bf_logo.png\",\"contentUrl\":\"https:\\\/\\\/targetmalaria.org\\\/wp-content\\\/uploads\\\/2025\\\/08\\\/target_malaria_bf_logo.png\",\"width\":1920,\"height\":1080,\"caption\":\"Target Malaria\"},\"image\":{\"@id\":\"https:\\\/\\\/targetmalaria.org\\\/fr\\\/#\\\/schema\\\/logo\\\/image\\\/\"},\"sameAs\":[\"https:\\\/\\\/www.facebook.com\\\/TargetMalariaGlobal\\\/\",\"https:\\\/\\\/x.com\\\/TargetMalaria\",\"https:\\\/\\\/www.linkedin.com\\\/company\\\/target-malaria\",\"https:\\\/\\\/youtube.com\\\/@TargetMalaria\"]},{\"@type\":\"Person\",\"@id\":\"https:\\\/\\\/targetmalaria.org\\\/fr\\\/#\\\/schema\\\/person\\\/492d9f8e39a2bb31b5ac1b64b7581bb0\",\"name\":\"Lorraine Gibson\"}]}<\/script>\n<!-- \/ Yoast SEO plugin. -->","yoast_head_json":{"title":"C\u00e9l\u00e9bration de la Journ\u00e9e mondiale contre le paludisme 2025 - Target Malaria","robots":{"index":"index","follow":"follow","max-snippet":"max-snippet:-1","max-image-preview":"max-image-preview:large","max-video-preview":"max-video-preview:-1"},"canonical":"https:\/\/targetmalaria.org\/fr\/latest\/blog\/celebrating-world-malaria-day-2025\/","og_locale":"fr_FR","og_type":"article","og_title":"C\u00e9l\u00e9bration de la Journ\u00e9e mondiale contre le paludisme 2025 - Target Malaria","og_description":"Le 25 avril 2025 marque la Journ\u00e9e mondiale annuelle contre le paludisme, une occasion pour la communaut\u00e9 mondiale de souligner le besoin actuel de financement et de soutien politique dans la lutte contre le paludisme, c\u00e9l\u00e9brer les \u00e9tapes importantes de la recherche \u00a0et de partager des informations sur les diff\u00e9rentes approches de l&rsquo;\u00e9limination du paludisme. [&hellip;]","og_url":"https:\/\/targetmalaria.org\/fr\/latest\/blog\/celebrating-world-malaria-day-2025\/","og_site_name":"Target Malaria","article_publisher":"https:\/\/www.facebook.com\/TargetMalariaGlobal\/","article_published_time":"2025-04-23T11:11:24+00:00","article_modified_time":"2025-04-23T11:21:12+00:00","og_image":[{"width":2040,"height":899,"url":"https:\/\/targetmalaria.org\/wp-content\/uploads\/2025\/04\/WMD_2025_Facebook_FR.png","type":"image\/png"}],"author":"Lorraine Gibson","twitter_card":"summary_large_image","twitter_creator":"@TargetMalaria","twitter_site":"@TargetMalaria","twitter_misc":{"\u00c9crit par":"Lorraine Gibson","Dur\u00e9e de lecture estim\u00e9e":"2 minutes"},"schema":{"@context":"https:\/\/schema.org","@graph":[{"@type":["Article","BlogPosting"],"@id":"https:\/\/targetmalaria.org\/fr\/latest\/blog\/celebrating-world-malaria-day-2025\/#article","isPartOf":{"@id":"https:\/\/targetmalaria.org\/fr\/latest\/blog\/celebrating-world-malaria-day-2025\/"},"author":{"name":"Lorraine Gibson","@id":"https:\/\/targetmalaria.org\/fr\/#\/schema\/person\/492d9f8e39a2bb31b5ac1b64b7581bb0"},"headline":"C\u00e9l\u00e9bration de la Journ\u00e9e mondiale contre le paludisme 2025","datePublished":"2025-04-23T11:11:24+00:00","dateModified":"2025-04-23T11:21:12+00:00","mainEntityOfPage":{"@id":"https:\/\/targetmalaria.org\/fr\/latest\/blog\/celebrating-world-malaria-day-2025\/"},"wordCount":412,"publisher":{"@id":"https:\/\/targetmalaria.org\/fr\/#organization"},"image":{"@id":"https:\/\/targetmalaria.org\/fr\/latest\/blog\/celebrating-world-malaria-day-2025\/#primaryimage"},"thumbnailUrl":"https:\/\/targetmalaria.org\/wp-content\/uploads\/2025\/04\/WMD_2025_Facebook_FR.png","articleSection":["Blog"],"inLanguage":"fr-FR"},{"@type":"WebPage","@id":"https:\/\/targetmalaria.org\/fr\/latest\/blog\/celebrating-world-malaria-day-2025\/","url":"https:\/\/targetmalaria.org\/fr\/latest\/blog\/celebrating-world-malaria-day-2025\/","name":"C\u00e9l\u00e9bration de la Journ\u00e9e mondiale contre le paludisme 2025 - Target Malaria","isPartOf":{"@id":"https:\/\/targetmalaria.org\/fr\/#website"},"primaryImageOfPage":{"@id":"https:\/\/targetmalaria.org\/fr\/latest\/blog\/celebrating-world-malaria-day-2025\/#primaryimage"},"image":{"@id":"https:\/\/targetmalaria.org\/fr\/latest\/blog\/celebrating-world-malaria-day-2025\/#primaryimage"},"thumbnailUrl":"https:\/\/targetmalaria.org\/wp-content\/uploads\/2025\/04\/WMD_2025_Facebook_FR.png","datePublished":"2025-04-23T11:11:24+00:00","dateModified":"2025-04-23T11:21:12+00:00","breadcrumb":{"@id":"https:\/\/targetmalaria.org\/fr\/latest\/blog\/celebrating-world-malaria-day-2025\/#breadcrumb"},"inLanguage":"fr-FR","potentialAction":[{"@type":"ReadAction","target":["https:\/\/targetmalaria.org\/fr\/latest\/blog\/celebrating-world-malaria-day-2025\/"]}]},{"@type":"ImageObject","inLanguage":"fr-FR","@id":"https:\/\/targetmalaria.org\/fr\/latest\/blog\/celebrating-world-malaria-day-2025\/#primaryimage","url":"https:\/\/targetmalaria.org\/wp-content\/uploads\/2025\/04\/WMD_2025_Facebook_FR.png","contentUrl":"https:\/\/targetmalaria.org\/wp-content\/uploads\/2025\/04\/WMD_2025_Facebook_FR.png","width":2040,"height":899},{"@type":"BreadcrumbList","@id":"https:\/\/targetmalaria.org\/fr\/latest\/blog\/celebrating-world-malaria-day-2025\/#breadcrumb","itemListElement":[{"@type":"ListItem","position":1,"name":"Home","item":"https:\/\/targetmalaria.org\/fr\/"},{"@type":"ListItem","position":2,"name":"C\u00e9l\u00e9bration de la Journ\u00e9e mondiale contre le paludisme 2025"}]},{"@type":"WebSite","@id":"https:\/\/targetmalaria.org\/fr\/#website","url":"https:\/\/targetmalaria.org\/fr\/","name":"Target Malaria","description":"","publisher":{"@id":"https:\/\/targetmalaria.org\/fr\/#organization"},"potentialAction":[{"@type":"SearchAction","target":{"@type":"EntryPoint","urlTemplate":"https:\/\/targetmalaria.org\/fr\/?s={search_term_string}"},"query-input":{"@type":"PropertyValueSpecification","valueRequired":true,"valueName":"search_term_string"}}],"inLanguage":"fr-FR"},{"@type":"Organization","@id":"https:\/\/targetmalaria.org\/fr\/#organization","name":"Target Malaria","url":"https:\/\/targetmalaria.org\/fr\/","logo":{"@type":"ImageObject","inLanguage":"fr-FR","@id":"https:\/\/targetmalaria.org\/fr\/#\/schema\/logo\/image\/","url":"https:\/\/targetmalaria.org\/wp-content\/uploads\/2025\/08\/target_malaria_bf_logo.png","contentUrl":"https:\/\/targetmalaria.org\/wp-content\/uploads\/2025\/08\/target_malaria_bf_logo.png","width":1920,"height":1080,"caption":"Target Malaria"},"image":{"@id":"https:\/\/targetmalaria.org\/fr\/#\/schema\/logo\/image\/"},"sameAs":["https:\/\/www.facebook.com\/TargetMalariaGlobal\/","https:\/\/x.com\/TargetMalaria","https:\/\/www.linkedin.com\/company\/target-malaria","https:\/\/youtube.com\/@TargetMalaria"]},{"@type":"Person","@id":"https:\/\/targetmalaria.org\/fr\/#\/schema\/person\/492d9f8e39a2bb31b5ac1b64b7581bb0","name":"Lorraine Gibson"}]}},"_links":{"self":[{"href":"https:\/\/targetmalaria.org\/fr\/wp-json\/wp\/v2\/posts\/20492","targetHints":{"allow":["GET"]}}],"collection":[{"href":"https:\/\/targetmalaria.org\/fr\/wp-json\/wp\/v2\/posts"}],"about":[{"href":"https:\/\/targetmalaria.org\/fr\/wp-json\/wp\/v2\/types\/post"}],"author":[{"embeddable":true,"href":"https:\/\/targetmalaria.org\/fr\/wp-json\/wp\/v2\/users\/31"}],"replies":[{"embeddable":true,"href":"https:\/\/targetmalaria.org\/fr\/wp-json\/wp\/v2\/comments?post=20492"}],"version-history":[{"count":0,"href":"https:\/\/targetmalaria.org\/fr\/wp-json\/wp\/v2\/posts\/20492\/revisions"}],"wp:featuredmedia":[{"embeddable":true,"href":"https:\/\/targetmalaria.org\/fr\/wp-json\/wp\/v2\/media\/20494"}],"wp:attachment":[{"href":"https:\/\/targetmalaria.org\/fr\/wp-json\/wp\/v2\/media?parent=20492"}],"wp:term":[{"taxonomy":"category","embeddable":true,"href":"https:\/\/targetmalaria.org\/fr\/wp-json\/wp\/v2\/categories?post=20492"},{"taxonomy":"profile_tax","embeddable":true,"href":"https:\/\/targetmalaria.org\/fr\/wp-json\/wp\/v2\/profile_tax?post=20492"}],"curies":[{"name":"wp","href":"https:\/\/api.w.org\/{rel}","templated":true}]}}