{"id":20400,"date":"2025-04-09T14:39:03","date_gmt":"2025-04-09T13:39:03","guid":{"rendered":"https:\/\/targetmalaria.org\/?p=20400"},"modified":"2025-04-09T14:39:10","modified_gmt":"2025-04-09T13:39:10","slug":"celebration-de-limpact-transformateur-des-partenaires-du-secteur-prive-dans-la-lutte-contre-le-vih-la-tuberculose-et-le-paludisme","status":"publish","type":"post","link":"https:\/\/targetmalaria.org\/fr\/latest\/blog\/celebration-de-limpact-transformateur-des-partenaires-du-secteur-prive-dans-la-lutte-contre-le-vih-la-tuberculose-et-le-paludisme\/","title":{"rendered":"C\u00e9l\u00e9bration de l&rsquo;impact transformateur des partenaires du secteur priv\u00e9 dans la lutte contre le VIH, la tuberculose et le paludisme\u00a0\u00a0"},"content":{"rendered":"<figure style=\"aspect-ratio:21\/9;\" class=\"wp-block-post-featured-image\"><img loading=\"lazy\" decoding=\"async\" width=\"2048\" height=\"1536\" src=\"https:\/\/targetmalaria.org\/wp-content\/uploads\/2025\/04\/WhatsApp-Image-2025-04-03-at-09.26.19.jpeg\" class=\"attachment-post-thumbnail size-post-thumbnail wp-post-image\" alt=\"Naima Sykes at Global Fund Event\" style=\"width:100%;height:100%;object-fit:cover;\" srcset=\"https:\/\/targetmalaria.org\/wp-content\/uploads\/2025\/04\/WhatsApp-Image-2025-04-03-at-09.26.19.jpeg 2048w, https:\/\/targetmalaria.org\/wp-content\/uploads\/2025\/04\/WhatsApp-Image-2025-04-03-at-09.26.19-425x319.jpeg 425w, https:\/\/targetmalaria.org\/wp-content\/uploads\/2025\/04\/WhatsApp-Image-2025-04-03-at-09.26.19-1024x768.jpeg 1024w, https:\/\/targetmalaria.org\/wp-content\/uploads\/2025\/04\/WhatsApp-Image-2025-04-03-at-09.26.19-768x576.jpeg 768w, https:\/\/targetmalaria.org\/wp-content\/uploads\/2025\/04\/WhatsApp-Image-2025-04-03-at-09.26.19-1536x1152.jpeg 1536w, https:\/\/targetmalaria.org\/wp-content\/uploads\/2025\/04\/WhatsApp-Image-2025-04-03-at-09.26.19-300x225.jpeg 300w\" sizes=\"auto, (max-width: 2048px) 100vw, 2048px\" \/><\/figure>\n\n<div class=\"post_date\">Post\u00e9 le 09 avril 2025<\/div><div class=\"post_details\"><figure class=\"post_author\"><img loading=\"lazy\" decoding=\"async\" width=\"150\" height=\"150\" src=\"https:\/\/targetmalaria.org\/wp-content\/uploads\/2021\/05\/NS-Head-shot-square-150x150.png\" class=\"attachment-thumbnail size-thumbnail\" alt=\"\" srcset=\"https:\/\/targetmalaria.org\/wp-content\/uploads\/2021\/05\/NS-Head-shot-square-150x150.png 150w, https:\/\/targetmalaria.org\/wp-content\/uploads\/2021\/05\/NS-Head-shot-square-600x600.png 600w\" sizes=\"auto, (max-width: 150px) 100vw, 150px\" \/><\/figure><div class=author_info><h6>Par Naima Sykes<\/h6><p class=\"author_details\">Responsable de l&rsquo;engagement des parties prenantes, Imperial College London<br>Target Malaria <\/p><\/div><\/div>\n\n\n<div class=\"wp-block-columns is-layout-flex wp-container-core-columns-is-layout-28f84493 wp-block-columns-is-layout-flex\">\n<div class=\"wp-block-column is-layout-flow wp-block-column-is-layout-flow\" style=\"flex-basis:25%\">\n<figure class=\"wp-block-image size-large\"><img loading=\"lazy\" decoding=\"async\" width=\"768\" height=\"1024\" src=\"https:\/\/targetmalaria.org\/wp-content\/uploads\/2025\/04\/WhatsApp-Image-2025-04-03-at-09.26.16-768x1024.jpeg\" alt=\"\" class=\"wp-image-20390\" style=\"aspect-ratio:2\/3;object-fit:cover\" srcset=\"https:\/\/targetmalaria.org\/wp-content\/uploads\/2025\/04\/WhatsApp-Image-2025-04-03-at-09.26.16-768x1024.jpeg 768w, https:\/\/targetmalaria.org\/wp-content\/uploads\/2025\/04\/WhatsApp-Image-2025-04-03-at-09.26.16-319x425.jpeg 319w, https:\/\/targetmalaria.org\/wp-content\/uploads\/2025\/04\/WhatsApp-Image-2025-04-03-at-09.26.16-1152x1536.jpeg 1152w, https:\/\/targetmalaria.org\/wp-content\/uploads\/2025\/04\/WhatsApp-Image-2025-04-03-at-09.26.16-300x400.jpeg 300w, https:\/\/targetmalaria.org\/wp-content\/uploads\/2025\/04\/WhatsApp-Image-2025-04-03-at-09.26.16.jpeg 1536w\" sizes=\"auto, (max-width: 768px) 100vw, 768px\" \/><figcaption class=\"wp-element-caption\">Naima Sykes s&rsquo;exprimant \u00e0 la Chambre des communes sur le fardeau du paludisme en Afrique.<\/figcaption><\/figure>\n\n\n\n<h4 class=\"wp-block-heading\"><\/h4>\n<\/div>\n\n\n\n<div class=\"wp-block-column is-layout-flow wp-block-column-is-layout-flow\" style=\"flex-basis:75%\">\n<h3 class=\"wp-block-heading\" style=\"padding-top:0\">La semaine derni\u00e8re, Peter Sands du Fonds mondial et Michael Payne, d\u00e9put\u00e9 du Groupe parlementaire multipartite (APPG) sur le VIH, le SIDA et la Sant\u00e9 Sexuelle, ont r\u00e9uni de nombreux groupes et partenaires de l&rsquo;APPG, en amont de la <a href=\"https:\/\/www.theglobalfund.org\/en\/investment-case\/\" target=\"_blank\" rel=\"noreferrer noopener\">campagne de reconstitution des ressources du Fonds mondial<\/a>, afin de mettre en lumi\u00e8re l&rsquo;\u00e9tendue la diversit\u00e9 des partenaires du Fonds mondial, en mettant particuli\u00e8rement l&rsquo;accent sur les parties prenantes et les champions bas\u00e9s au Royaume-Uni, ainsi que d&rsquo;engager les parlementaires, anciens et nouveaux ambassadeurs, dans le relais des efforts du Fonds mondial pour vaincre le VIH, la tuberculose et le paludisme. &nbsp;<\/h3>\n\n\n\n<p>La r\u00e9ception a \u00e9t\u00e9 l&rsquo;occasion de mettre en avant et de c\u00e9l\u00e9brer les contributions transformatrices des partenaires du secteur priv\u00e9 de l&rsquo;organisation. Elle a \u00e9galement c\u00e9l\u00e9br\u00e9 le Royaume-Uni et l&rsquo;Afrique du Sud en tant que co-h\u00f4tes de la huiti\u00e8me campagne de reconstitution des ressources du Fonds mondial.&nbsp;&nbsp;<\/p>\n\n\n\n<p>L&rsquo;\u00e9v\u00e9nement a accueilli plusieurs intervenants, dont Madame Dineo Mathlako, Haut-Commissaire adjointe, Haut-Commissariat sud-africain ; et M. Sherwin Charles, co-fondateur et PDG de <a href=\"https:\/\/www.goodbyemalaria.com\/\" target=\"_blank\" rel=\"noreferrer noopener\">Goodbye Malaria<\/a>.<\/p>\n\n\n\n<p>En tant que responsable de l&rsquo;engagement des parties prenantes mondiales pour Target Malaria et originaire de Tanzanie, j&rsquo;ai \u00e9t\u00e9 invit\u00e9e \u00e0 mettre en \u00e9vidence le fardeau du paludisme en Afrique : la r\u00e9gion africaine repr\u00e9sente environ 94 % des cas mondiaux et 95 % des d\u00e9c\u00e8s li\u00e9s au paludisme en 2023.&nbsp;&nbsp;<\/p>\n\n\n\n<p>Le Fonds mondial a \u00e9t\u00e9 une innovation incroyable lorsqu&rsquo;il a \u00e9t\u00e9 cr\u00e9\u00e9 en 2002 en tant que partenariat public-priv\u00e9 visant \u00e0 vaincre ces trois maladies interd\u00e9pendantes. Il m\u00e8ne la charge pour garantir que les pays et leurs programmes nationaux de lutte contre le paludisme puissent acc\u00e9der aux outils existants qui permettent de sauver des vies. Gr\u00e2ce aux investissements du Fonds mondial, des progr\u00e8s remarquables ont \u00e9t\u00e9 r\u00e9alis\u00e9s dans la lutte contre le VIH, avec 65 millions de vies sauv\u00e9es et une r\u00e9duction de 63 % du taux de mortalit\u00e9 combin\u00e9.&nbsp;&nbsp;<\/p>\n\n\n\n<p>Le message le plus fort de la r\u00e9ception \u00e9tait que le partenariat est essentiel et que la collaboration entre les secteurs priv\u00e9 et public est n\u00e9cessaire pour garantir des solutions inclusives et durables dans la lutte contre le paludisme, le VIH et la tuberculose.&nbsp;&nbsp;<\/p>\n\n\n\n<p>\u00c0 l&rsquo;issue de l&rsquo;\u00e9v\u00e9nement, le Fonds mondial a annonc\u00e9 la premi\u00e8re promesse de don pour la campagne de reconstitution des ressources, <a href=\"https:\/\/www.theglobalfund.org\/en\/news\/2025\/2025-04-02-global-fund-secures-eighth-replenishment-pledge-historic-private-sector-commitment-childrens-investment-fund-foundation\/\" target=\"_blank\" rel=\"noreferrer noopener\">venant de la Fondation du Fonds d&rsquo;investissement pour l&rsquo;enfance (CIFF), avec un engagement<\/a> sans pr\u00e9c\u00e9dent de 150 millions de dollars. Cela repr\u00e9sente une multiplication par cinq de sa contribution pr\u00e9c\u00e9dente. Cette promesse historique cr\u00e9e un pr\u00e9c\u00e9dent fort pour le leadership du secteur priv\u00e9 dans la lutte contre le VIH\/SIDA, la tuberculose et le paludisme.&nbsp;&nbsp;<\/p>\n\n\n\n<p><\/p>\n\n\n\n<figure class=\"wp-block-gallery has-nested-images columns-default is-cropped wp-block-gallery-2 is-layout-flex wp-block-gallery-is-layout-flex\">\n<figure class=\"wp-block-image size-large\"><img loading=\"lazy\" decoding=\"async\" width=\"1024\" height=\"768\" data-id=\"20396\" src=\"https:\/\/targetmalaria.org\/wp-content\/uploads\/2025\/04\/WhatsApp-Image-2025-04-03-at-09.26.17-1024x768.jpeg\" alt=\"\" class=\"wp-image-20396\" srcset=\"https:\/\/targetmalaria.org\/wp-content\/uploads\/2025\/04\/WhatsApp-Image-2025-04-03-at-09.26.17-1024x768.jpeg 1024w, https:\/\/targetmalaria.org\/wp-content\/uploads\/2025\/04\/WhatsApp-Image-2025-04-03-at-09.26.17-425x319.jpeg 425w, https:\/\/targetmalaria.org\/wp-content\/uploads\/2025\/04\/WhatsApp-Image-2025-04-03-at-09.26.17-768x576.jpeg 768w, https:\/\/targetmalaria.org\/wp-content\/uploads\/2025\/04\/WhatsApp-Image-2025-04-03-at-09.26.17-1536x1152.jpeg 1536w, https:\/\/targetmalaria.org\/wp-content\/uploads\/2025\/04\/WhatsApp-Image-2025-04-03-at-09.26.17-300x225.jpeg 300w, https:\/\/targetmalaria.org\/wp-content\/uploads\/2025\/04\/WhatsApp-Image-2025-04-03-at-09.26.17.jpeg 2048w\" sizes=\"auto, (max-width: 1024px) 100vw, 1024px\" \/><figcaption class=\"wp-element-caption\">Naima Sykes s&rsquo;exprimant \u00e0 la Chambre des communes pour le Fonds mondial.<\/figcaption><\/figure>\n\n\n\n<figure class=\"wp-block-image size-large\"><img loading=\"lazy\" decoding=\"async\" width=\"1024\" height=\"768\" data-id=\"20394\" src=\"https:\/\/targetmalaria.org\/wp-content\/uploads\/2025\/04\/WhatsApp-Image-2025-04-03-at-09.26.10-1024x768.jpeg\" alt=\"\" class=\"wp-image-20394\" srcset=\"https:\/\/targetmalaria.org\/wp-content\/uploads\/2025\/04\/WhatsApp-Image-2025-04-03-at-09.26.10-1024x768.jpeg 1024w, https:\/\/targetmalaria.org\/wp-content\/uploads\/2025\/04\/WhatsApp-Image-2025-04-03-at-09.26.10-425x319.jpeg 425w, https:\/\/targetmalaria.org\/wp-content\/uploads\/2025\/04\/WhatsApp-Image-2025-04-03-at-09.26.10-768x576.jpeg 768w, https:\/\/targetmalaria.org\/wp-content\/uploads\/2025\/04\/WhatsApp-Image-2025-04-03-at-09.26.10-1536x1152.jpeg 1536w, https:\/\/targetmalaria.org\/wp-content\/uploads\/2025\/04\/WhatsApp-Image-2025-04-03-at-09.26.10-300x225.jpeg 300w, https:\/\/targetmalaria.org\/wp-content\/uploads\/2025\/04\/WhatsApp-Image-2025-04-03-at-09.26.10.jpeg 2048w\" sizes=\"auto, (max-width: 1024px) 100vw, 1024px\" \/><figcaption class=\"wp-element-caption\">Naima Sykes avec d&rsquo;autres intervenants.<\/figcaption><\/figure>\n\n\n\n<figure class=\"wp-block-image size-large\"><img loading=\"lazy\" decoding=\"async\" width=\"1024\" height=\"768\" data-id=\"20392\" src=\"https:\/\/targetmalaria.org\/wp-content\/uploads\/2025\/04\/WhatsApp-Image-2025-04-03-at-09.26.08-1024x768.jpeg\" alt=\"\" class=\"wp-image-20392\" srcset=\"https:\/\/targetmalaria.org\/wp-content\/uploads\/2025\/04\/WhatsApp-Image-2025-04-03-at-09.26.08-1024x768.jpeg 1024w, https:\/\/targetmalaria.org\/wp-content\/uploads\/2025\/04\/WhatsApp-Image-2025-04-03-at-09.26.08-425x319.jpeg 425w, https:\/\/targetmalaria.org\/wp-content\/uploads\/2025\/04\/WhatsApp-Image-2025-04-03-at-09.26.08-768x576.jpeg 768w, https:\/\/targetmalaria.org\/wp-content\/uploads\/2025\/04\/WhatsApp-Image-2025-04-03-at-09.26.08-1536x1152.jpeg 1536w, https:\/\/targetmalaria.org\/wp-content\/uploads\/2025\/04\/WhatsApp-Image-2025-04-03-at-09.26.08-300x225.jpeg 300w, https:\/\/targetmalaria.org\/wp-content\/uploads\/2025\/04\/WhatsApp-Image-2025-04-03-at-09.26.08.jpeg 2048w\" sizes=\"auto, (max-width: 1024px) 100vw, 1024px\" \/><figcaption class=\"wp-element-caption\">Naima Sykes avec Sherwin Charles (Goodbye Malaria).<\/figcaption><\/figure>\n<\/figure>\n<\/div>\n<\/div>\n\n\n\n<p><\/p>\n","protected":false},"excerpt":{"rendered":"<p>La semaine derni\u00e8re, Peter Sands du Fonds mondial et Michael Payne, d\u00e9put\u00e9 du Groupe parlementaire multipartite (APPG) sur le VIH, le SIDA et la Sant\u00e9 Sexuelle, ont r\u00e9uni de nombreux groupes et partenaires de l&rsquo;APPG, en amont de la campagne de reconstitution des ressources du Fonds mondial, afin de mettre en lumi\u00e8re l&rsquo;\u00e9tendue la diversit\u00e9 [&hellip;]<\/p>\n","protected":false},"author":31,"featured_media":20414,"comment_status":"closed","ping_status":"closed","sticky":false,"template":"","format":"standard","meta":{"_acf_changed":false,"_relevanssi_hide_post":"","_relevanssi_hide_content":"","_relevanssi_pin_for_all":"","_relevanssi_pin_keywords":"","_relevanssi_unpin_keywords":"","_relevanssi_related_keywords":"","_relevanssi_related_include_ids":"","_relevanssi_related_exclude_ids":"","_relevanssi_related_no_append":"","_relevanssi_related_not_related":"","_relevanssi_related_posts":"","_relevanssi_noindex_reason":"","featured_image_focal_point":[],"_image_focal_point":[],"footnotes":""},"categories":[113],"profile_tax":[],"class_list":["post-20400","post","type-post","status-publish","format-standard","has-post-thumbnail","hentry","category-blog","country-royaume-uni","post_writers-naima-sykes-fr"],"acf":[],"yoast_head":"<!-- This site is optimized with the Yoast SEO plugin v27.5 - https:\/\/yoast.com\/product\/yoast-seo-wordpress\/ -->\n<title>C\u00e9l\u00e9bration de l&#039;impact transformateur des partenaires du secteur priv\u00e9 dans la lutte contre le VIH, la tuberculose et le paludisme\u00a0\u00a0 - Target Malaria<\/title>\n<meta name=\"robots\" content=\"index, follow, max-snippet:-1, max-image-preview:large, max-video-preview:-1\" \/>\n<link rel=\"canonical\" href=\"https:\/\/targetmalaria.org\/fr\/latest\/blog\/celebration-de-limpact-transformateur-des-partenaires-du-secteur-prive-dans-la-lutte-contre-le-vih-la-tuberculose-et-le-paludisme\/\" \/>\n<meta property=\"og:locale\" content=\"fr_FR\" \/>\n<meta property=\"og:type\" content=\"article\" \/>\n<meta property=\"og:title\" content=\"C\u00e9l\u00e9bration de l&#039;impact transformateur des partenaires du secteur priv\u00e9 dans la lutte contre le VIH, la tuberculose et le paludisme\u00a0\u00a0 - Target Malaria\" \/>\n<meta property=\"og:description\" content=\"La semaine derni\u00e8re, Peter Sands du Fonds mondial et Michael Payne, d\u00e9put\u00e9 du Groupe parlementaire multipartite (APPG) sur le VIH, le SIDA et la Sant\u00e9 Sexuelle, ont r\u00e9uni de nombreux groupes et partenaires de l&rsquo;APPG, en amont de la campagne de reconstitution des ressources du Fonds mondial, afin de mettre en lumi\u00e8re l&rsquo;\u00e9tendue la diversit\u00e9 [&hellip;]\" \/>\n<meta property=\"og:url\" content=\"https:\/\/targetmalaria.org\/fr\/latest\/blog\/celebration-de-limpact-transformateur-des-partenaires-du-secteur-prive-dans-la-lutte-contre-le-vih-la-tuberculose-et-le-paludisme\/\" \/>\n<meta property=\"og:site_name\" content=\"Target Malaria\" \/>\n<meta property=\"article:publisher\" content=\"https:\/\/www.facebook.com\/TargetMalariaGlobal\/\" \/>\n<meta property=\"article:published_time\" content=\"2025-04-09T13:39:03+00:00\" \/>\n<meta property=\"article:modified_time\" content=\"2025-04-09T13:39:10+00:00\" \/>\n<meta property=\"og:image\" content=\"https:\/\/targetmalaria.org\/wp-content\/uploads\/2025\/04\/WhatsApp-Image-2025-04-03-at-09.26.16-768x1024.jpeg\" \/>\n<meta name=\"author\" content=\"Lorraine Gibson\" \/>\n<meta name=\"twitter:card\" content=\"summary_large_image\" \/>\n<meta name=\"twitter:creator\" content=\"@TargetMalaria\" \/>\n<meta name=\"twitter:site\" content=\"@TargetMalaria\" \/>\n<meta name=\"twitter:label1\" content=\"\u00c9crit par\" \/>\n\t<meta name=\"twitter:data1\" content=\"Lorraine Gibson\" \/>\n\t<meta name=\"twitter:label2\" content=\"Dur\u00e9e de lecture estim\u00e9e\" \/>\n\t<meta name=\"twitter:data2\" content=\"3 minutes\" \/>\n<script type=\"application\/ld+json\" class=\"yoast-schema-graph\">{\"@context\":\"https:\\\/\\\/schema.org\",\"@graph\":[{\"@type\":[\"Article\",\"BlogPosting\"],\"@id\":\"https:\\\/\\\/targetmalaria.org\\\/fr\\\/latest\\\/blog\\\/celebration-de-limpact-transformateur-des-partenaires-du-secteur-prive-dans-la-lutte-contre-le-vih-la-tuberculose-et-le-paludisme\\\/#article\",\"isPartOf\":{\"@id\":\"https:\\\/\\\/targetmalaria.org\\\/fr\\\/latest\\\/blog\\\/celebration-de-limpact-transformateur-des-partenaires-du-secteur-prive-dans-la-lutte-contre-le-vih-la-tuberculose-et-le-paludisme\\\/\"},\"author\":{\"name\":\"Lorraine Gibson\",\"@id\":\"https:\\\/\\\/targetmalaria.org\\\/fr\\\/#\\\/schema\\\/person\\\/492d9f8e39a2bb31b5ac1b64b7581bb0\"},\"headline\":\"C\u00e9l\u00e9bration de l&rsquo;impact transformateur des partenaires du secteur priv\u00e9 dans la lutte contre le VIH, la tuberculose et le paludisme\u00a0\u00a0\",\"datePublished\":\"2025-04-09T13:39:03+00:00\",\"dateModified\":\"2025-04-09T13:39:10+00:00\",\"mainEntityOfPage\":{\"@id\":\"https:\\\/\\\/targetmalaria.org\\\/fr\\\/latest\\\/blog\\\/celebration-de-limpact-transformateur-des-partenaires-du-secteur-prive-dans-la-lutte-contre-le-vih-la-tuberculose-et-le-paludisme\\\/\"},\"wordCount\":547,\"publisher\":{\"@id\":\"https:\\\/\\\/targetmalaria.org\\\/fr\\\/#organization\"},\"image\":{\"@id\":\"https:\\\/\\\/targetmalaria.org\\\/fr\\\/latest\\\/blog\\\/celebration-de-limpact-transformateur-des-partenaires-du-secteur-prive-dans-la-lutte-contre-le-vih-la-tuberculose-et-le-paludisme\\\/#primaryimage\"},\"thumbnailUrl\":\"https:\\\/\\\/targetmalaria.org\\\/wp-content\\\/uploads\\\/2025\\\/04\\\/WhatsApp-Image-2025-04-03-at-09.26.19.jpeg\",\"articleSection\":[\"Blog\"],\"inLanguage\":\"fr-FR\"},{\"@type\":\"WebPage\",\"@id\":\"https:\\\/\\\/targetmalaria.org\\\/fr\\\/latest\\\/blog\\\/celebration-de-limpact-transformateur-des-partenaires-du-secteur-prive-dans-la-lutte-contre-le-vih-la-tuberculose-et-le-paludisme\\\/\",\"url\":\"https:\\\/\\\/targetmalaria.org\\\/fr\\\/latest\\\/blog\\\/celebration-de-limpact-transformateur-des-partenaires-du-secteur-prive-dans-la-lutte-contre-le-vih-la-tuberculose-et-le-paludisme\\\/\",\"name\":\"C\u00e9l\u00e9bration de l'impact transformateur des partenaires du secteur priv\u00e9 dans la lutte contre le VIH, la tuberculose et le paludisme\u00a0\u00a0 - Target Malaria\",\"isPartOf\":{\"@id\":\"https:\\\/\\\/targetmalaria.org\\\/fr\\\/#website\"},\"primaryImageOfPage\":{\"@id\":\"https:\\\/\\\/targetmalaria.org\\\/fr\\\/latest\\\/blog\\\/celebration-de-limpact-transformateur-des-partenaires-du-secteur-prive-dans-la-lutte-contre-le-vih-la-tuberculose-et-le-paludisme\\\/#primaryimage\"},\"image\":{\"@id\":\"https:\\\/\\\/targetmalaria.org\\\/fr\\\/latest\\\/blog\\\/celebration-de-limpact-transformateur-des-partenaires-du-secteur-prive-dans-la-lutte-contre-le-vih-la-tuberculose-et-le-paludisme\\\/#primaryimage\"},\"thumbnailUrl\":\"https:\\\/\\\/targetmalaria.org\\\/wp-content\\\/uploads\\\/2025\\\/04\\\/WhatsApp-Image-2025-04-03-at-09.26.19.jpeg\",\"datePublished\":\"2025-04-09T13:39:03+00:00\",\"dateModified\":\"2025-04-09T13:39:10+00:00\",\"breadcrumb\":{\"@id\":\"https:\\\/\\\/targetmalaria.org\\\/fr\\\/latest\\\/blog\\\/celebration-de-limpact-transformateur-des-partenaires-du-secteur-prive-dans-la-lutte-contre-le-vih-la-tuberculose-et-le-paludisme\\\/#breadcrumb\"},\"inLanguage\":\"fr-FR\",\"potentialAction\":[{\"@type\":\"ReadAction\",\"target\":[\"https:\\\/\\\/targetmalaria.org\\\/fr\\\/latest\\\/blog\\\/celebration-de-limpact-transformateur-des-partenaires-du-secteur-prive-dans-la-lutte-contre-le-vih-la-tuberculose-et-le-paludisme\\\/\"]}]},{\"@type\":\"ImageObject\",\"inLanguage\":\"fr-FR\",\"@id\":\"https:\\\/\\\/targetmalaria.org\\\/fr\\\/latest\\\/blog\\\/celebration-de-limpact-transformateur-des-partenaires-du-secteur-prive-dans-la-lutte-contre-le-vih-la-tuberculose-et-le-paludisme\\\/#primaryimage\",\"url\":\"https:\\\/\\\/targetmalaria.org\\\/wp-content\\\/uploads\\\/2025\\\/04\\\/WhatsApp-Image-2025-04-03-at-09.26.19.jpeg\",\"contentUrl\":\"https:\\\/\\\/targetmalaria.org\\\/wp-content\\\/uploads\\\/2025\\\/04\\\/WhatsApp-Image-2025-04-03-at-09.26.19.jpeg\",\"width\":2048,\"height\":1536,\"caption\":\"NaimaSykesatGlobalFundEvent\"},{\"@type\":\"BreadcrumbList\",\"@id\":\"https:\\\/\\\/targetmalaria.org\\\/fr\\\/latest\\\/blog\\\/celebration-de-limpact-transformateur-des-partenaires-du-secteur-prive-dans-la-lutte-contre-le-vih-la-tuberculose-et-le-paludisme\\\/#breadcrumb\",\"itemListElement\":[{\"@type\":\"ListItem\",\"position\":1,\"name\":\"Home\",\"item\":\"https:\\\/\\\/targetmalaria.org\\\/fr\\\/\"},{\"@type\":\"ListItem\",\"position\":2,\"name\":\"C\u00e9l\u00e9bration de l&#8217;impact transformateur des partenaires du secteur priv\u00e9 dans la lutte contre le VIH, la tuberculose et le paludisme\u00a0\u00a0\"}]},{\"@type\":\"WebSite\",\"@id\":\"https:\\\/\\\/targetmalaria.org\\\/fr\\\/#website\",\"url\":\"https:\\\/\\\/targetmalaria.org\\\/fr\\\/\",\"name\":\"Target Malaria\",\"description\":\"\",\"publisher\":{\"@id\":\"https:\\\/\\\/targetmalaria.org\\\/fr\\\/#organization\"},\"potentialAction\":[{\"@type\":\"SearchAction\",\"target\":{\"@type\":\"EntryPoint\",\"urlTemplate\":\"https:\\\/\\\/targetmalaria.org\\\/fr\\\/?s={search_term_string}\"},\"query-input\":{\"@type\":\"PropertyValueSpecification\",\"valueRequired\":true,\"valueName\":\"search_term_string\"}}],\"inLanguage\":\"fr-FR\"},{\"@type\":\"Organization\",\"@id\":\"https:\\\/\\\/targetmalaria.org\\\/fr\\\/#organization\",\"name\":\"Target Malaria\",\"url\":\"https:\\\/\\\/targetmalaria.org\\\/fr\\\/\",\"logo\":{\"@type\":\"ImageObject\",\"inLanguage\":\"fr-FR\",\"@id\":\"https:\\\/\\\/targetmalaria.org\\\/fr\\\/#\\\/schema\\\/logo\\\/image\\\/\",\"url\":\"https:\\\/\\\/targetmalaria.org\\\/wp-content\\\/uploads\\\/2025\\\/08\\\/target_malaria_bf_logo.png\",\"contentUrl\":\"https:\\\/\\\/targetmalaria.org\\\/wp-content\\\/uploads\\\/2025\\\/08\\\/target_malaria_bf_logo.png\",\"width\":1920,\"height\":1080,\"caption\":\"Target Malaria\"},\"image\":{\"@id\":\"https:\\\/\\\/targetmalaria.org\\\/fr\\\/#\\\/schema\\\/logo\\\/image\\\/\"},\"sameAs\":[\"https:\\\/\\\/www.facebook.com\\\/TargetMalariaGlobal\\\/\",\"https:\\\/\\\/x.com\\\/TargetMalaria\",\"https:\\\/\\\/www.linkedin.com\\\/company\\\/target-malaria\",\"https:\\\/\\\/youtube.com\\\/@TargetMalaria\"]},{\"@type\":\"Person\",\"@id\":\"https:\\\/\\\/targetmalaria.org\\\/fr\\\/#\\\/schema\\\/person\\\/492d9f8e39a2bb31b5ac1b64b7581bb0\",\"name\":\"Lorraine Gibson\"}]}<\/script>\n<!-- \/ Yoast SEO plugin. -->","yoast_head_json":{"title":"C\u00e9l\u00e9bration de l'impact transformateur des partenaires du secteur priv\u00e9 dans la lutte contre le VIH, la tuberculose et le paludisme\u00a0\u00a0 - Target Malaria","robots":{"index":"index","follow":"follow","max-snippet":"max-snippet:-1","max-image-preview":"max-image-preview:large","max-video-preview":"max-video-preview:-1"},"canonical":"https:\/\/targetmalaria.org\/fr\/latest\/blog\/celebration-de-limpact-transformateur-des-partenaires-du-secteur-prive-dans-la-lutte-contre-le-vih-la-tuberculose-et-le-paludisme\/","og_locale":"fr_FR","og_type":"article","og_title":"C\u00e9l\u00e9bration de l'impact transformateur des partenaires du secteur priv\u00e9 dans la lutte contre le VIH, la tuberculose et le paludisme\u00a0\u00a0 - Target Malaria","og_description":"La semaine derni\u00e8re, Peter Sands du Fonds mondial et Michael Payne, d\u00e9put\u00e9 du Groupe parlementaire multipartite (APPG) sur le VIH, le SIDA et la Sant\u00e9 Sexuelle, ont r\u00e9uni de nombreux groupes et partenaires de l&rsquo;APPG, en amont de la campagne de reconstitution des ressources du Fonds mondial, afin de mettre en lumi\u00e8re l&rsquo;\u00e9tendue la diversit\u00e9 [&hellip;]","og_url":"https:\/\/targetmalaria.org\/fr\/latest\/blog\/celebration-de-limpact-transformateur-des-partenaires-du-secteur-prive-dans-la-lutte-contre-le-vih-la-tuberculose-et-le-paludisme\/","og_site_name":"Target Malaria","article_publisher":"https:\/\/www.facebook.com\/TargetMalariaGlobal\/","article_published_time":"2025-04-09T13:39:03+00:00","article_modified_time":"2025-04-09T13:39:10+00:00","og_image":[{"url":"https:\/\/targetmalaria.org\/wp-content\/uploads\/2025\/04\/WhatsApp-Image-2025-04-03-at-09.26.16-768x1024.jpeg","type":"","width":"","height":""}],"author":"Lorraine Gibson","twitter_card":"summary_large_image","twitter_creator":"@TargetMalaria","twitter_site":"@TargetMalaria","twitter_misc":{"\u00c9crit par":"Lorraine Gibson","Dur\u00e9e de lecture estim\u00e9e":"3 minutes"},"schema":{"@context":"https:\/\/schema.org","@graph":[{"@type":["Article","BlogPosting"],"@id":"https:\/\/targetmalaria.org\/fr\/latest\/blog\/celebration-de-limpact-transformateur-des-partenaires-du-secteur-prive-dans-la-lutte-contre-le-vih-la-tuberculose-et-le-paludisme\/#article","isPartOf":{"@id":"https:\/\/targetmalaria.org\/fr\/latest\/blog\/celebration-de-limpact-transformateur-des-partenaires-du-secteur-prive-dans-la-lutte-contre-le-vih-la-tuberculose-et-le-paludisme\/"},"author":{"name":"Lorraine Gibson","@id":"https:\/\/targetmalaria.org\/fr\/#\/schema\/person\/492d9f8e39a2bb31b5ac1b64b7581bb0"},"headline":"C\u00e9l\u00e9bration de l&rsquo;impact transformateur des partenaires du secteur priv\u00e9 dans la lutte contre le VIH, la tuberculose et le paludisme\u00a0\u00a0","datePublished":"2025-04-09T13:39:03+00:00","dateModified":"2025-04-09T13:39:10+00:00","mainEntityOfPage":{"@id":"https:\/\/targetmalaria.org\/fr\/latest\/blog\/celebration-de-limpact-transformateur-des-partenaires-du-secteur-prive-dans-la-lutte-contre-le-vih-la-tuberculose-et-le-paludisme\/"},"wordCount":547,"publisher":{"@id":"https:\/\/targetmalaria.org\/fr\/#organization"},"image":{"@id":"https:\/\/targetmalaria.org\/fr\/latest\/blog\/celebration-de-limpact-transformateur-des-partenaires-du-secteur-prive-dans-la-lutte-contre-le-vih-la-tuberculose-et-le-paludisme\/#primaryimage"},"thumbnailUrl":"https:\/\/targetmalaria.org\/wp-content\/uploads\/2025\/04\/WhatsApp-Image-2025-04-03-at-09.26.19.jpeg","articleSection":["Blog"],"inLanguage":"fr-FR"},{"@type":"WebPage","@id":"https:\/\/targetmalaria.org\/fr\/latest\/blog\/celebration-de-limpact-transformateur-des-partenaires-du-secteur-prive-dans-la-lutte-contre-le-vih-la-tuberculose-et-le-paludisme\/","url":"https:\/\/targetmalaria.org\/fr\/latest\/blog\/celebration-de-limpact-transformateur-des-partenaires-du-secteur-prive-dans-la-lutte-contre-le-vih-la-tuberculose-et-le-paludisme\/","name":"C\u00e9l\u00e9bration de l'impact transformateur des partenaires du secteur priv\u00e9 dans la lutte contre le VIH, la tuberculose et le paludisme\u00a0\u00a0 - Target Malaria","isPartOf":{"@id":"https:\/\/targetmalaria.org\/fr\/#website"},"primaryImageOfPage":{"@id":"https:\/\/targetmalaria.org\/fr\/latest\/blog\/celebration-de-limpact-transformateur-des-partenaires-du-secteur-prive-dans-la-lutte-contre-le-vih-la-tuberculose-et-le-paludisme\/#primaryimage"},"image":{"@id":"https:\/\/targetmalaria.org\/fr\/latest\/blog\/celebration-de-limpact-transformateur-des-partenaires-du-secteur-prive-dans-la-lutte-contre-le-vih-la-tuberculose-et-le-paludisme\/#primaryimage"},"thumbnailUrl":"https:\/\/targetmalaria.org\/wp-content\/uploads\/2025\/04\/WhatsApp-Image-2025-04-03-at-09.26.19.jpeg","datePublished":"2025-04-09T13:39:03+00:00","dateModified":"2025-04-09T13:39:10+00:00","breadcrumb":{"@id":"https:\/\/targetmalaria.org\/fr\/latest\/blog\/celebration-de-limpact-transformateur-des-partenaires-du-secteur-prive-dans-la-lutte-contre-le-vih-la-tuberculose-et-le-paludisme\/#breadcrumb"},"inLanguage":"fr-FR","potentialAction":[{"@type":"ReadAction","target":["https:\/\/targetmalaria.org\/fr\/latest\/blog\/celebration-de-limpact-transformateur-des-partenaires-du-secteur-prive-dans-la-lutte-contre-le-vih-la-tuberculose-et-le-paludisme\/"]}]},{"@type":"ImageObject","inLanguage":"fr-FR","@id":"https:\/\/targetmalaria.org\/fr\/latest\/blog\/celebration-de-limpact-transformateur-des-partenaires-du-secteur-prive-dans-la-lutte-contre-le-vih-la-tuberculose-et-le-paludisme\/#primaryimage","url":"https:\/\/targetmalaria.org\/wp-content\/uploads\/2025\/04\/WhatsApp-Image-2025-04-03-at-09.26.19.jpeg","contentUrl":"https:\/\/targetmalaria.org\/wp-content\/uploads\/2025\/04\/WhatsApp-Image-2025-04-03-at-09.26.19.jpeg","width":2048,"height":1536,"caption":"NaimaSykesatGlobalFundEvent"},{"@type":"BreadcrumbList","@id":"https:\/\/targetmalaria.org\/fr\/latest\/blog\/celebration-de-limpact-transformateur-des-partenaires-du-secteur-prive-dans-la-lutte-contre-le-vih-la-tuberculose-et-le-paludisme\/#breadcrumb","itemListElement":[{"@type":"ListItem","position":1,"name":"Home","item":"https:\/\/targetmalaria.org\/fr\/"},{"@type":"ListItem","position":2,"name":"C\u00e9l\u00e9bration de l&#8217;impact transformateur des partenaires du secteur priv\u00e9 dans la lutte contre le VIH, la tuberculose et le paludisme\u00a0\u00a0"}]},{"@type":"WebSite","@id":"https:\/\/targetmalaria.org\/fr\/#website","url":"https:\/\/targetmalaria.org\/fr\/","name":"Target Malaria","description":"","publisher":{"@id":"https:\/\/targetmalaria.org\/fr\/#organization"},"potentialAction":[{"@type":"SearchAction","target":{"@type":"EntryPoint","urlTemplate":"https:\/\/targetmalaria.org\/fr\/?s={search_term_string}"},"query-input":{"@type":"PropertyValueSpecification","valueRequired":true,"valueName":"search_term_string"}}],"inLanguage":"fr-FR"},{"@type":"Organization","@id":"https:\/\/targetmalaria.org\/fr\/#organization","name":"Target Malaria","url":"https:\/\/targetmalaria.org\/fr\/","logo":{"@type":"ImageObject","inLanguage":"fr-FR","@id":"https:\/\/targetmalaria.org\/fr\/#\/schema\/logo\/image\/","url":"https:\/\/targetmalaria.org\/wp-content\/uploads\/2025\/08\/target_malaria_bf_logo.png","contentUrl":"https:\/\/targetmalaria.org\/wp-content\/uploads\/2025\/08\/target_malaria_bf_logo.png","width":1920,"height":1080,"caption":"Target Malaria"},"image":{"@id":"https:\/\/targetmalaria.org\/fr\/#\/schema\/logo\/image\/"},"sameAs":["https:\/\/www.facebook.com\/TargetMalariaGlobal\/","https:\/\/x.com\/TargetMalaria","https:\/\/www.linkedin.com\/company\/target-malaria","https:\/\/youtube.com\/@TargetMalaria"]},{"@type":"Person","@id":"https:\/\/targetmalaria.org\/fr\/#\/schema\/person\/492d9f8e39a2bb31b5ac1b64b7581bb0","name":"Lorraine Gibson"}]}},"_links":{"self":[{"href":"https:\/\/targetmalaria.org\/fr\/wp-json\/wp\/v2\/posts\/20400","targetHints":{"allow":["GET"]}}],"collection":[{"href":"https:\/\/targetmalaria.org\/fr\/wp-json\/wp\/v2\/posts"}],"about":[{"href":"https:\/\/targetmalaria.org\/fr\/wp-json\/wp\/v2\/types\/post"}],"author":[{"embeddable":true,"href":"https:\/\/targetmalaria.org\/fr\/wp-json\/wp\/v2\/users\/31"}],"replies":[{"embeddable":true,"href":"https:\/\/targetmalaria.org\/fr\/wp-json\/wp\/v2\/comments?post=20400"}],"version-history":[{"count":0,"href":"https:\/\/targetmalaria.org\/fr\/wp-json\/wp\/v2\/posts\/20400\/revisions"}],"wp:featuredmedia":[{"embeddable":true,"href":"https:\/\/targetmalaria.org\/fr\/wp-json\/wp\/v2\/media\/20414"}],"wp:attachment":[{"href":"https:\/\/targetmalaria.org\/fr\/wp-json\/wp\/v2\/media?parent=20400"}],"wp:term":[{"taxonomy":"category","embeddable":true,"href":"https:\/\/targetmalaria.org\/fr\/wp-json\/wp\/v2\/categories?post=20400"},{"taxonomy":"profile_tax","embeddable":true,"href":"https:\/\/targetmalaria.org\/fr\/wp-json\/wp\/v2\/profile_tax?post=20400"}],"curies":[{"name":"wp","href":"https:\/\/api.w.org\/{rel}","templated":true}]}}